{"id":6203,"date":"2015-03-30T17:48:37","date_gmt":"2015-03-30T17:48:37","guid":{"rendered":"http:\/\/rurallascolonias.com.ar\/?p=6203"},"modified":"2015-03-30T17:48:37","modified_gmt":"2015-03-30T17:48:37","slug":"paulon-por-el-bajo-volumen-de-leche-para-marzo-puede-haber-un-retoque-del-precio-hacia-arriba","status":"publish","type":"post","link":"http:\/\/rurallascolonias.com.ar\/?p=6203","title":{"rendered":"Paul\u00f3n: \u201cPor el bajo volumen de leche, para marzo puede haber un retoque del precio hacia arriba\u201d"},"content":{"rendered":"<h2><a href=\"http:\/\/rurallascolonias.com.ar\/wp-content\/uploads\/2015\/02\/tambos.jpg\"><img loading=\"lazy\" class=\"aligncenter size-full wp-image-5656\" src=\"http:\/\/rurallascolonias.com.ar\/wp-content\/uploads\/2015\/02\/tambos.jpg\" alt=\"tambos\" width=\"259\" height=\"194\" \/><\/a>El presidente del CIL se anim\u00f3 a pronosticar que a ra\u00edz del escenario de baja producci\u00f3n, luego de la cat\u00e1strofe h\u00eddrica, por la materia prima de marzo \u201ces probable\u201d que muchas industrias paguen unos centavos m\u00e1s. Qu\u00e9 dijo del subsidio de 30 ctvs otorgado por el Gobierno.<\/h2>\n<p><!--more--> La voz oficial de las grandes industrias lecheras de Argentina, Miguel Paul\u00f3n, dialog\u00f3 con periodistas de Nuestro Agro en el programa radial \u201cADN Rural\u201d, dejando su contundente opini\u00f3n sobre diferentes temas que hoy trazan a la lecher\u00eda nacional: el \u201crojo\u201d en las industrias; el precio de la leche; las exigencias del Gobierno; el conflicto con los gremios ATLARA y ATILRA; y el derrumbe de la producci\u00f3n. El presidente del CIL reconoci\u00f3 que a nivel general, desde noviembre a esta parte, la baja global de recepci\u00f3n de leche representa un 25%, aunque en muchos casos la situaci\u00f3n es m\u00e1s grave: \u201cla recepci\u00f3n en algunas de nuestras industrias socias se ha derrumbado en un 35 a 40%, lo cual es un impacto que va a tener una salida bastante lenta, debido a la gran p\u00e9rdida de pasturas y forrajes que habr\u00e1 que recuperar\u201d. Sin embargo, aclar\u00f3 Paul\u00f3n: \u201cal no estar traccionando la exportaci\u00f3n, con una din\u00e1mica en el mercado externo muy pero muy baja, el mercado interno igualmente sigue bien abastecido, a pesar de la baja producci\u00f3n\u201d. Por este motivo, el ejecutivo del CIL se anim\u00f3 a pronosticar una suba en el precio de la leche. \u201cEl precio de la leche nuestras compa\u00f1\u00edas lo est\u00e1n manteniendo a pesar de todo. Incluso, esto es a t\u00edtulo personal, para este mes de marzo por el bajo volumen de leche que hay, puede haber un retoquecito del precio hacia arriba. Por supuesto que esto, finalmente, ser\u00e1 decisi\u00f3n de las compa\u00f1\u00edas, pero es probable que as\u00ed suceda\u201d, opin\u00f3 Paul\u00f3n. <strong>Los 30 ctvs: \u00bfbuena o mala noticia?<\/strong> La medida de salvataje pensada por el ministro de Econom\u00eda de la Naci\u00f3n no parece convencer demasiado a la industria l\u00e1ctea. Al menos en lo que hace a las consecuencias colaterales que ellos est\u00e1n observando. \u201cHay un aspecto importante que destacar que est\u00e1 provocando esta medida: en estos momentos la decisi\u00f3n de pagar 30 ctvs a quienes produzcan hasta 2.900 litros ha motivado una reacci\u00f3n en los productores que no son alcanzados por ese beneficio, que implica desviar leche hacia otros receptores para poder encuadrarse dentro de los 2.900 litros promedio diario durante los meses marzo, abril y mayo\u201d, analiz\u00f3 el Ing. Paul\u00f3n. \u201cEvidentemente, esos litros de m\u00e1s deben ser recibidos por alguien que no los declare y en consecuencia uno debe presumir que est\u00e1n operando marginalmente; as\u00ed que estamos teniendo desv\u00edos de leche hacia operadores que procesan leche sin estar registrados, porque si no, deber\u00edan estar acusados en el sistema. Esto tambi\u00e9n impacta fuertemente sobre nuestras industrias y por eso decimos que sobre llovido, mojado. Es una realidad que se est\u00e1 estimulando el mercado marginal, impactando sobre las empresas nuestras, que pierden as\u00ed volumen de procesamiento, al tiempo que se mantenien todos los costos fijos, incrementando las p\u00e9rdidas en un contexto de baja producci\u00f3n\u201d, acus\u00f3 sin atenuantes el presidente del CIL. La entrevista completa, abarcando la totalidad de los temas que hoy interesan a la cadena l\u00e1ctea, se ofrecer\u00e1 en la edici\u00f3n de abril de revista <strong>Nuestro Agro<\/strong>. <strong>Fuente: Nuestro Agro \/ ADN Rural<\/strong><\/p>\n","protected":false},"excerpt":{"rendered":"<p>El presidente del CIL se anim\u00f3 a pronosticar que a ra\u00edz del escenario de baja producci\u00f3n, luego de la cat\u00e1strofe h\u00eddrica, por la materia prima de marzo \u201ces probable\u201d que muchas industrias paguen unos centavos m\u00e1s. Qu\u00e9 dijo del subsidio de 30 ctvs otorgado por el Gobierno.<\/p>\n","protected":false},"author":5,"featured_media":0,"comment_status":"open","ping_status":"open","sticky":false,"template":"","format":"standard","meta":[],"categories":[46],"tags":[394,103,1936],"_links":{"self":[{"href":"http:\/\/rurallascolonias.com.ar\/index.php?rest_route=\/wp\/v2\/posts\/6203"}],"collection":[{"href":"http:\/\/rurallascolonias.com.ar\/index.php?rest_route=\/wp\/v2\/posts"}],"about":[{"href":"http:\/\/rurallascolonias.com.ar\/index.php?rest_route=\/wp\/v2\/types\/post"}],"author":[{"embeddable":true,"href":"http:\/\/rurallascolonias.com.ar\/index.php?rest_route=\/wp\/v2\/users\/5"}],"replies":[{"embeddable":true,"href":"http:\/\/rurallascolonias.com.ar\/index.php?rest_route=%2Fwp%2Fv2%2Fcomments&post=6203"}],"version-history":[{"count":1,"href":"http:\/\/rurallascolonias.com.ar\/index.php?rest_route=\/wp\/v2\/posts\/6203\/revisions"}],"predecessor-version":[{"id":6204,"href":"http:\/\/rurallascolonias.com.ar\/index.php?rest_route=\/wp\/v2\/posts\/6203\/revisions\/6204"}],"wp:attachment":[{"href":"http:\/\/rurallascolonias.com.ar\/index.php?rest_route=%2Fwp%2Fv2%2Fmedia&parent=6203"}],"wp:term":[{"taxonomy":"category","embeddable":true,"href":"http:\/\/rurallascolonias.com.ar\/index.php?rest_route=%2Fwp%2Fv2%2Fcategories&post=6203"},{"taxonomy":"post_tag","embeddable":true,"href":"http:\/\/rurallascolonias.com.ar\/index.php?rest_route=%2Fwp%2Fv2%2Ftags&post=6203"}],"curies":[{"name":"wp","href":"https:\/\/api.w.org\/{rel}","templated":true}]}}