{"id":620,"date":"2013-12-23T16:43:43","date_gmt":"2013-12-23T16:43:43","guid":{"rendered":"http:\/\/rurallascolonias.com.ar\/?p=620"},"modified":"2013-12-23T16:43:43","modified_gmt":"2013-12-23T16:43:43","slug":"los-productores-lecheros-piden-fortalecer-la-liquidacion-unica","status":"publish","type":"post","link":"http:\/\/rurallascolonias.com.ar\/?p=620","title":{"rendered":"LOS PRODUCTORES LECHEROS PIDEN FORTALECER LA LIQUIDACI\u00d3N \u00daNICA"},"content":{"rendered":"<p><a href=\"http:\/\/rurallascolonias.com.ar\/wp-content\/uploads\/2013\/12\/Casamiquela-con-productores-300x198.jpg\"><img loading=\"lazy\" class=\"aligncenter size-full wp-image-621\" alt=\"Casamiquela-con-productores-300x198\" src=\"http:\/\/rurallascolonias.com.ar\/wp-content\/uploads\/2013\/12\/Casamiquela-con-productores-300x198.jpg\" width=\"300\" height=\"198\" \/><\/a>Las C\u00e1maras y Mesas Lecheras tuvieron su primera audiencia con las nuevas autoridades del Ministerio de Agricultura adem\u00e1s de entregarle una nota al Ministro, Carlos Casamiquela, donde piden fortalecer la implementaci\u00f3n de la Liquidaci\u00f3n \u00danica.<!--more--><br \/>\nLas C\u00e1maras y Mesas Lecheras tuvieron su primera audiencia con las nuevas autoridades del Ministerio de Agricultura adem\u00e1s de entregarle una nota al Ministro, Carlos Casamiquela, donde piden fortalecer la implementaci\u00f3n de la Liquidaci\u00f3n \u00danica y la elaboraci\u00f3n de una agenda de trabajo para seguir avanzando en la b\u00fasqueda de la sanci\u00f3n de la Ley de Lecher\u00eda.<\/p>\n<p>La C\u00e1mara de Productores Lecheros de C\u00f3rdoba, la C\u00e1mara Pampeana Productores de Leche, la C\u00e1mara de Productores de Leche de Santiago del Estero, la Mesa de Productores de Leche de Santa Fe y la Mesa Entrerriana de Tamberos fueron recibido por el Secretario de Agricultura, Ganader\u00eda y Pesca, Dr. Gabriel Delgado y el Sr. Subsecretario de Lecher\u00eda, Arturo Videla.<\/p>\n<p>En la reuni\u00f3n, los productores dieron su visi\u00f3n de la cadena l\u00e1ctea en el pa\u00eds, haciendo hincapi\u00e9 en avanzar en la Liquidaci\u00f3n \u00danica, en la obtenci\u00f3n de financiamiento, entre otros temas.<\/p>\n<p>Posteriormente le entregaron al Ministro, Ing. Ag. Carlos Casamiquela, una nota cuyo texto dice:<\/p>\n<p>Es nuestra intenci\u00f3n hacerle llegar nuestro agradecimiento por la respuesta pronta y positiva a nuestro requerimiento de reuni\u00f3n con usted o su equipo de trabajo, con el fin de presentarle nuestra visi\u00f3n acerca de la cadena agroalimentaria de la leche.Estamos convencidos de la necesidad de tener un Estado presente y activo para lograr el desarrollo de la actividad l\u00e1ctea en todos sus eslabones.<\/p>\n<p>Nuestro \u00e1mbito tiene caracter\u00edsticas particulares que apuntan al crecimiento con inclusi\u00f3n del interior de nuestro pa\u00eds, industrializando la ruralidad, absorbiendo mucha mano de obra y generando arraigo en los pueblos donde se desarrolla la actividad.<\/p>\n<p>En este marco creemos fundamental lograr la institucionalizaci\u00f3n de la cadena donde participen todos los actores comprometidos con el ordenamiento y desarrollo de la lecher\u00eda.<br \/>\nTambi\u00e9n vemos importante seguir avanzando en el desarrollo del pago por componentes y calidad higi\u00e9nico \u2013 sanitaria de la leche cruda, hoy conocido como Liquidaci\u00f3n \u00danica; y elaborar una agenda de trabajo donde se aborden importantes temas tales como: laboratorios, financiamiento, capacitaci\u00f3n y dem\u00e1s aspectos tendientes a la creaci\u00f3n de herramientas que den el marco legal definitivo (Ley de Lecher\u00eda).<\/p>\n<p>http:\/\/www.radiobelgranosuardi.com.ar<\/p>\n<p>Casamiquela con productores<\/p>\n<p>El ministro de Agricultura de la Naci\u00f3n cerr\u00f3 su actividad el jueves \u00faltimo en Villa Mar\u00eda y Villa Nueva participando de un almuerzo que fue el cierre del a\u00f1o de\u00a0 la Junta Intercooperativa de Productores de Leche y visitando las instalaciones del laboratorio de la Funesil.<br \/>\nDesde el Ministerio ratificaron lo dicho por Pfaffen, dado que aseguran que la entidad educativa \u201ccuenta, con uno de los laboratorios m\u00e1s completos que existen en el pa\u00eds para el control de leche cruda para el pago por calidad y control de calidad de los productos l\u00e1cteos que se exportan\u201d, indicaron en un comunicado.<\/p>\n<p>Fuente: eldiariocba.com.ar<\/p>\n","protected":false},"excerpt":{"rendered":"<p>Las C\u00e1maras y Mesas Lecheras tuvieron su primera audiencia con las nuevas autoridades del Ministerio de Agricultura adem\u00e1s de entregarle una nota al Ministro, Carlos Casamiquela, donde piden fortalecer la implementaci\u00f3n de la Liquidaci\u00f3n \u00danica.<\/p>\n","protected":false},"author":5,"featured_media":0,"comment_status":"closed","ping_status":"closed","sticky":false,"template":"","format":"standard","meta":[],"categories":[46],"tags":[242,243,241],"_links":{"self":[{"href":"http:\/\/rurallascolonias.com.ar\/index.php?rest_route=\/wp\/v2\/posts\/620"}],"collection":[{"href":"http:\/\/rurallascolonias.com.ar\/index.php?rest_route=\/wp\/v2\/posts"}],"about":[{"href":"http:\/\/rurallascolonias.com.ar\/index.php?rest_route=\/wp\/v2\/types\/post"}],"author":[{"embeddable":true,"href":"http:\/\/rurallascolonias.com.ar\/index.php?rest_route=\/wp\/v2\/users\/5"}],"replies":[{"embeddable":true,"href":"http:\/\/rurallascolonias.com.ar\/index.php?rest_route=%2Fwp%2Fv2%2Fcomments&post=620"}],"version-history":[{"count":1,"href":"http:\/\/rurallascolonias.com.ar\/index.php?rest_route=\/wp\/v2\/posts\/620\/revisions"}],"predecessor-version":[{"id":622,"href":"http:\/\/rurallascolonias.com.ar\/index.php?rest_route=\/wp\/v2\/posts\/620\/revisions\/622"}],"wp:attachment":[{"href":"http:\/\/rurallascolonias.com.ar\/index.php?rest_route=%2Fwp%2Fv2%2Fmedia&parent=620"}],"wp:term":[{"taxonomy":"category","embeddable":true,"href":"http:\/\/rurallascolonias.com.ar\/index.php?rest_route=%2Fwp%2Fv2%2Fcategories&post=620"},{"taxonomy":"post_tag","embeddable":true,"href":"http:\/\/rurallascolonias.com.ar\/index.php?rest_route=%2Fwp%2Fv2%2Ftags&post=620"}],"curies":[{"name":"wp","href":"https:\/\/api.w.org\/{rel}","templated":true}]}}