{"id":6192,"date":"2015-03-30T01:26:55","date_gmt":"2015-03-30T01:26:55","guid":{"rendered":"http:\/\/rurallascolonias.com.ar\/?p=6192"},"modified":"2015-03-30T17:34:00","modified_gmt":"2015-03-30T17:34:00","slug":"congreso-cra-2015","status":"publish","type":"post","link":"http:\/\/rurallascolonias.com.ar\/?p=6192","title":{"rendered":"El Congreso de CRA en Santa Fe va tomando color"},"content":{"rendered":"<p>&nbsp;<\/p>\n<p><a href=\"http:\/\/rurallascolonias.com.ar\/wp-content\/uploads\/2015\/03\/banners-cra-congreso-631-x-200.jpg\"><img loading=\"lazy\" class=\"aligncenter size-full wp-image-6094\" src=\"http:\/\/rurallascolonias.com.ar\/wp-content\/uploads\/2015\/03\/banners-cra-congreso-631-x-200.jpg\" alt=\"banners cra congreso 631 x 200\" width=\"629\" height=\"197\" srcset=\"http:\/\/rurallascolonias.com.ar\/wp-content\/uploads\/2015\/03\/banners-cra-congreso-631-x-200.jpg 629w, http:\/\/rurallascolonias.com.ar\/wp-content\/uploads\/2015\/03\/banners-cra-congreso-631-x-200-300x93.jpg 300w, http:\/\/rurallascolonias.com.ar\/wp-content\/uploads\/2015\/03\/banners-cra-congreso-631-x-200-600x187.jpg 600w, http:\/\/rurallascolonias.com.ar\/wp-content\/uploads\/2015\/03\/banners-cra-congreso-631-x-200-624x195.jpg 624w\" sizes=\"(max-width: 629px) 100vw, 629px\" \/><\/a>Ser\u00e1 el 15 y 16 de mayo en la ciudad de Santa Fe. Conoc\u00e9 quienes confirmaron su asistencia<!--more--><\/p>\n<p style=\"text-align: justify;\">La nueva edici\u00f3n del Congreso de Confederaciones Rurales Argentinas, este 2015, ser\u00e1 en la ciudad de Santa Fe los d\u00edas 15 y 16 de mayo.<\/p>\n<p style=\"text-align: justify;\">El encuentro gremial, productivo y pol\u00edtico del campo argentino ser\u00e1 en los salones \u201cLos Maderos\u201d, Dique I, \u00a0en el Puerto de la ciudad de Santa Fe.<\/p>\n<p style=\"text-align: justify;\">Hasta el momento, y sujeto a cambios, el programa del Congreso de CRA 2015 presenta las siguientes tem\u00e1ticas y disertantes:<\/p>\n<p>&nbsp;<\/p>\n<p align=\"center\">\n<p align=\"center\"><b>PROGRAMA<\/b><\/p>\n<p><span style=\"text-decoration: underline;\"><b>Viernes 15 de Mayo:<\/p>\n<p><\/b><\/span><\/p>\n<p><i><span style=\"text-decoration: underline;\">9:00 a 10:00 hs:<\/span><\/i> Inscripciones<\/p>\n<p><i><span style=\"text-decoration: underline;\">10:00 a 10:50 hs:<\/span><\/i> Apertura Oficial &#8211; Entonaci\u00f3n del Himno Nacional Argentino &#8211; Video Institucional<\/p>\n<p style=\"text-align: justify;\">Palabras del Intendente Municipal de Santa Fe<\/p>\n<p>Palabras del Presidente de CARSFE, Francisco Mayoraz.<\/p>\n<p>Palabras del Presidente de CRA, Rub\u00e9n Ferrero.<\/p>\n<p>Palabras del gobernador de la Provincia de Santa Fe, Antonio Bonfatti.<\/p>\n<p><i><span style=\"text-decoration: underline;\">10:50 a 11:10 hs<\/span><\/i><i>:<\/i> El campo: historia, tradici\u00f3n y arraigo<\/p>\n<p>Reflexiones: Monse\u00f1or Jos\u00e9 Mar\u00eda Arancedo<\/p>\n<p><i><span style=\"text-decoration: underline;\"><br \/>\n11:10 a 11:30 hs<\/span><\/i><i>:<\/i> Coffee Break<\/p>\n<p><i><span style=\"text-decoration: underline;\"><br \/>\n11:30 a 12:00 hs:<\/span><\/i> \u00abGesti\u00f3n empresarial en el sector agropecuario\u00bb. Dr. Atilio Penna<\/p>\n<p><i><span style=\"text-decoration: underline;\"><br \/>\n12:00 a 13:00 hs:<\/span><\/i> Pobreza, Educaci\u00f3n, Sociedad y Territorio<\/p>\n<p>Pobreza: Dr. Agust\u00edn Salvia<\/p>\n<p>Educaci\u00f3n: Prof. Axel Rivas<\/p>\n<p>Sociedad y Territorio: Dr. Fabio Quetglas<\/p>\n<p><i><span style=\"text-decoration: underline;\"><br \/>\n13:00 a 15:00 hs:<\/span><\/i> Almuerzo libre<\/p>\n<p><i><span style=\"text-decoration: underline;\"><br \/>\n15:00 A 16:15 hs:<\/span><\/i> Periodismo de investigaci\u00f3n: \u00bfSe puede investigar en la Argentina?<\/p>\n<p>Periodistas invitados: Sres. Hugo Alconada Mon, Mat\u00edas Longoni, Nicol\u00e1s Wi\u00f1azki<\/p>\n<p><i><span style=\"text-decoration: underline;\"><br \/>\n16.15 a<\/span><\/i><i><span style=\"text-decoration: underline;\"> 17:15 hs:<\/span><\/i> \u201c\u00bfEs posible una Argentina para -todos- los argentinos? Democracia, desarrollo y<\/p>\n<p>El posible futuro en com\u00fan\u201d &#8211; Lic. Alejandro Katz<\/p>\n<p><i><span style=\"text-decoration: underline;\"><br \/>\n17:15 a 17:45 hs:<\/span><\/i> Coffee Break<\/p>\n<p><i><span style=\"text-decoration: underline;\"><br \/>\n17.45 a<\/span><\/i><i><span style=\"text-decoration: underline;\"> 18:30 hs:<\/span><\/i> Presente y futuro de las provincias desde la optica productiva<\/p>\n<p>Panel de Ministros de Agricultura de Santa Fe, Buenos Aires y C\u00f3rdoba<\/p>\n<p>Pol\u00edticas locales de sustentabilidad y desarrollo.<\/p>\n<p>Recuperar los mercados internacionales<\/p>\n<p>Coordina: Med. Vet. Francisco Mayoraz<\/p>\n<p><i><span style=\"text-decoration: underline;\"><br \/>\n18:30 a 19:30 hs:<\/span><\/i> \u00abDe donde venimos y hacia donde vamos\u00bb. Sr. Jorge Giacobbe<\/p>\n<p><i><span style=\"text-decoration: underline;\">20 hs:<\/span><\/i> C\u00f3ctel de cierre de primer dia<\/p>\n<p>&nbsp;<\/p>\n<p>&nbsp;<\/p>\n<p><span style=\"text-decoration: underline;\"><b><br \/>\nS\u00e1bado 16 de Mayo:<\/b><\/span><\/p>\n<p><i><span style=\"text-decoration: underline;\"><br \/>\n09:00 a 10:30 hs:<\/span><\/i> Futuro de la Justicia Argentina<\/p>\n<p>Dr. Miguel Piedecasas y Dr. Pablo Lanusse<\/p>\n<p><i><span style=\"text-decoration: underline;\"><br \/>\n10:30 a 11:30 hs<\/span><\/i>: La econom\u00eda ante un nuevo ciclo.<\/p>\n<p>Coordina: Dr. Juan Goya<\/p>\n<p><i><span style=\"text-decoration: underline;\"><br \/>\n11:30 a 11:50 hs:<\/span><\/i> Coffee Break<\/p>\n<p><i><span style=\"text-decoration: underline;\"><br \/>\n11:50 a 13:00 hs:<\/span><\/i> \u201cEl pais que se va y el pais que viene\u201d Periodista Alfredo Leuco<\/p>\n<p><i><span style=\"text-decoration: underline;\"><br \/>\n13:00 a 15:00 hs:<\/span><\/i> Almuerzo libre<\/p>\n<p><i><span style=\"text-decoration: underline;\"><br \/>\n15:00 a 15:40 hs:<\/span><\/i> Conclusiones y reflexiones del taller de Ateneos<\/p>\n<p><i><span style=\"text-decoration: underline;\"><br \/>\n15:45 a 16:45 hs:<\/span><\/i> \u00abReflexiones en torno a la calidad de las instituciones argentinas\u00bb.<\/p>\n<p>Dr. Daniel Sabsay<\/p>\n<p><i><span style=\"text-decoration: underline;\"><br \/>\n16:50 a 17:10 hs:<\/span><\/i> Coffee Break<\/p>\n<p><i><span style=\"text-decoration: underline;\"><br \/>\n17:15 a 18.45 hs:<\/span><\/i> Escenario electoral 2015. Dirigentes y el campo.<\/p>\n<p>Invitaci\u00f3n a Candidatos a Presidente 2015<\/p>\n<p>Coordina: Dr. Rub\u00e9n Ferrero<\/p>\n<p><i><span style=\"text-decoration: underline;\"><br \/>\n19:00 a 19:20 hs:<\/span><\/i> Conclusiones del Congreso CRA.<\/p>\n<p><i><span style=\"text-decoration: underline;\">19:20 a 19:45 hs:<\/span><\/i> Palabras de cierre. Dr. Rub\u00e9n Ferrero<\/p>\n<p><a href=\"http:\/\/rurallascolonias.com.ar\/wp-content\/uploads\/2015\/03\/banners-cra-congreso-631-x-200.jpg\">\u00a0<\/a><\/p>\n","protected":false},"excerpt":{"rendered":"<p>&nbsp; Ser\u00e1 el 15 y 16 de mayo en la ciudad de Santa Fe. Conoc\u00e9 quienes confirmaron su asistencia<\/p>\n","protected":false},"author":5,"featured_media":0,"comment_status":"open","ping_status":"open","sticky":false,"template":"","format":"standard","meta":[],"categories":[14],"tags":[443,119],"_links":{"self":[{"href":"http:\/\/rurallascolonias.com.ar\/index.php?rest_route=\/wp\/v2\/posts\/6192"}],"collection":[{"href":"http:\/\/rurallascolonias.com.ar\/index.php?rest_route=\/wp\/v2\/posts"}],"about":[{"href":"http:\/\/rurallascolonias.com.ar\/index.php?rest_route=\/wp\/v2\/types\/post"}],"author":[{"embeddable":true,"href":"http:\/\/rurallascolonias.com.ar\/index.php?rest_route=\/wp\/v2\/users\/5"}],"replies":[{"embeddable":true,"href":"http:\/\/rurallascolonias.com.ar\/index.php?rest_route=%2Fwp%2Fv2%2Fcomments&post=6192"}],"version-history":[{"count":3,"href":"http:\/\/rurallascolonias.com.ar\/index.php?rest_route=\/wp\/v2\/posts\/6192\/revisions"}],"predecessor-version":[{"id":6200,"href":"http:\/\/rurallascolonias.com.ar\/index.php?rest_route=\/wp\/v2\/posts\/6192\/revisions\/6200"}],"wp:attachment":[{"href":"http:\/\/rurallascolonias.com.ar\/index.php?rest_route=%2Fwp%2Fv2%2Fmedia&parent=6192"}],"wp:term":[{"taxonomy":"category","embeddable":true,"href":"http:\/\/rurallascolonias.com.ar\/index.php?rest_route=%2Fwp%2Fv2%2Fcategories&post=6192"},{"taxonomy":"post_tag","embeddable":true,"href":"http:\/\/rurallascolonias.com.ar\/index.php?rest_route=%2Fwp%2Fv2%2Ftags&post=6192"}],"curies":[{"name":"wp","href":"https:\/\/api.w.org\/{rel}","templated":true}]}}