{"id":6187,"date":"2015-03-30T01:25:50","date_gmt":"2015-03-30T01:25:50","guid":{"rendered":"http:\/\/rurallascolonias.com.ar\/?p=6187"},"modified":"2015-03-30T01:25:50","modified_gmt":"2015-03-30T01:25:50","slug":"la-sociedad-rural-de-las-colonias-a-cargo-de-la-vicepresidencia-de-acader","status":"publish","type":"post","link":"http:\/\/rurallascolonias.com.ar\/?p=6187","title":{"rendered":"LA SOCIEDAD RURAL DE LAS COLONIAS A CARGO DE LA VICEPRESIDENCIA DE ACADER"},"content":{"rendered":"<p><strong><em><a href=\"http:\/\/rurallascolonias.com.ar\/wp-content\/uploads\/2015\/03\/P1660614.jpg\"><img loading=\"lazy\" class=\"aligncenter wp-image-6189 size-medium\" src=\"http:\/\/rurallascolonias.com.ar\/wp-content\/uploads\/2015\/03\/P1660614-300x200.jpg\" alt=\"P1660614\" width=\"300\" height=\"200\" srcset=\"http:\/\/rurallascolonias.com.ar\/wp-content\/uploads\/2015\/03\/P1660614-300x200.jpg 300w, http:\/\/rurallascolonias.com.ar\/wp-content\/uploads\/2015\/03\/P1660614-600x400.jpg 600w, http:\/\/rurallascolonias.com.ar\/wp-content\/uploads\/2015\/03\/P1660614-624x416.jpg 624w, http:\/\/rurallascolonias.com.ar\/wp-content\/uploads\/2015\/03\/P1660614.jpg 1024w\" sizes=\"(max-width: 300px) 100vw, 300px\" \/><\/a>PRESIDE LA MUNICIPALIDAD DE ESPERANZA<\/em><\/strong><\/p>\n<div>Ana Mar\u00eda Meiners es la nueva titular de la actual\u00a0Comisi\u00f3n Directiva de la Agencia para el Desarrollo de Esperanza y la Regi\u00f3n<\/div>\n<div><\/div>\n<div>En la sede del Centro de Industria, Comercio y Afincados se realiz\u00f3 la Asamblea Anual de la Asociaci\u00f3n Civil \u00abAgencia para el Desarrollo de Esperanza y la Regi\u00f3n &#8211; ACADER, que integran, entre otros, el CICAE, el Instituto Tecnol\u00f3gico \u00abEl Molino\u00bb (ITEC), la Sociedad Rural de Las Colonias, la Municipalidad de San Carlos Centro, la Municipalidad de Esperanza y las Comunas de Elisa y Sa Pereira, junto al Senador Provincial Rub\u00e9n Pirola, colaborador y Socio Honorario de la instituci\u00f3n.<\/div>\n<div><\/div>\n<p><!--more--><\/p>\n<div>En la oportunidad, y en el cumplimiento de las pautas estatutarias establecidas, los representantes de los diferentes organismos e instituciones p\u00fablicas y privadas procedieron a la aprobaci\u00f3n de la memoria y balance correspondientes al ejercicio 2014. Tambi\u00e9n, y por unanimidad se conform\u00f3 la nueva Comisi\u00f3n Directiva, la cual qued\u00f3 integrada de la siguiente manera: PRESIDENTE: Ana Mar\u00eda Meiners (Municipalidad de Esperanza); VICEPRESIDENTE: Jos\u00e9 Luis Alonso (Sociedad Rural Las Colonias); SECRETARIO: Mauricio Roberto Caussi (Municipalidad de Esperanza); PROSECRETARIO: N\u00e9stor Schreyer (CICAE); TESORERO: Marcelo Ra\u00fal Mottura (CICAE); PROTESORERO: Omar Enrique Pr\u00edncipe (Municipalidad de San Carlos Centro); VOCAL 1\u00ba: Fernando Sebasti\u00e1n Barrag\u00e1n (ITEC); VOCAL 2\u00ba: Jos\u00e9 Luis Manzoni (Comuna Sa Pereira); VOCAL 3\u00ba: \u00c1ngel Ricardo Hern\u00e1ndez (Sociedad Rural Las Colonias); VOCAL 4\u00ba: Jorge Walter Carena (CICAE); SINDICO \u00a0TITULAR: Dr. Hugo Carlos Wilde (CICAE); y SINDICO \u00a0SUPLENTE: CPN Mario Javier Mazzoni (Municipalidad de San Carlos Centro).<\/div>\n<div><\/div>\n<div><a href=\"http:\/\/rurallascolonias.com.ar\/wp-content\/uploads\/2015\/03\/P1660688.jpg\"><img loading=\"lazy\" class=\"aligncenter wp-image-6190 size-medium\" src=\"http:\/\/rurallascolonias.com.ar\/wp-content\/uploads\/2015\/03\/P1660688-300x200.jpg\" alt=\"P1660688\" width=\"300\" height=\"200\" srcset=\"http:\/\/rurallascolonias.com.ar\/wp-content\/uploads\/2015\/03\/P1660688-300x200.jpg 300w, http:\/\/rurallascolonias.com.ar\/wp-content\/uploads\/2015\/03\/P1660688-600x400.jpg 600w, http:\/\/rurallascolonias.com.ar\/wp-content\/uploads\/2015\/03\/P1660688-624x416.jpg 624w, http:\/\/rurallascolonias.com.ar\/wp-content\/uploads\/2015\/03\/P1660688.jpg 1024w\" sizes=\"(max-width: 300px) 100vw, 300px\" \/><\/a><\/div>\n<div><\/div>\n<div>ACERCA DE LA AGENCIA<\/div>\n<div><\/div>\n<div>ACADER es una entidad sin fines de lucro, conformada por actores p\u00fablicos y privados, cuya finalidad es contribuir al desarrollo sustentable de Esperanza y la Regi\u00f3n, en particular del Departamento Las Colonias. Para lograr sus objetivos enfoca su accionar en las PyME y en todos aquellos emprendedores que deseen concretar una idea-proyecto. Conociendo las necesidades de financiamiento, organizaci\u00f3n, capacitaci\u00f3n y gesti\u00f3n de las empresas\/emprendedores y las posibilidades que existen para satisfacerlas, el CICAE, el ITEC, la Sociedad Rural de Las Colonias, la Municipalidad de San Carlos Centro, la Municipalidad de Esperanza y la Comuna de Elisa y Sa Pereira y el Senador Provincial se unieron asumiendo el compromiso de crear y llevar adelante la Agencia para el Desarrollo, con el firme prop\u00f3sito de impulsar el progreso de la Regi\u00f3n, fortaleciendo los sistemas productivos locales.<\/div>\n<div><\/div>\n<div>\u00a0Adem\u00e1s de promover la colaboraci\u00f3n y cooperaci\u00f3n institucional, la articulaci\u00f3n entre el Sector P\u00fablico y el Privado y asistir de manera homog\u00e9nea e integral a los interesados, ACADER, integrada a la Red de Agencias de la SEPyME ofrece posibilidades para desarrollar oportunidades de negocios en mercados nacionales e internacionales; brindar asistencia financiera a empresas y emprendedores; capacitaci\u00f3n y asistencia t\u00e9cnica; y participa en misiones comerciales, rondas de negocios, eventos y ferias regionales, nacionales e internacionales.<\/div>\n<div><\/div>\n<div>Sociedad Rural de Las Colonias<\/div>\n","protected":false},"excerpt":{"rendered":"<p>PRESIDE LA MUNICIPALIDAD DE ESPERANZA Ana Mar\u00eda Meiners es la nueva titular de la actual\u00a0Comisi\u00f3n Directiva de la Agencia para el Desarrollo de Esperanza y la Regi\u00f3n En la sede del Centro de Industria, Comercio y Afincados se realiz\u00f3 la Asamblea Anual de la Asociaci\u00f3n Civil \u00abAgencia para el Desarrollo de Esperanza y la Regi\u00f3n [&hellip;]<\/p>\n","protected":false},"author":5,"featured_media":0,"comment_status":"open","ping_status":"open","sticky":false,"template":"","format":"standard","meta":[],"categories":[29],"tags":[1933,187,1934],"_links":{"self":[{"href":"http:\/\/rurallascolonias.com.ar\/index.php?rest_route=\/wp\/v2\/posts\/6187"}],"collection":[{"href":"http:\/\/rurallascolonias.com.ar\/index.php?rest_route=\/wp\/v2\/posts"}],"about":[{"href":"http:\/\/rurallascolonias.com.ar\/index.php?rest_route=\/wp\/v2\/types\/post"}],"author":[{"embeddable":true,"href":"http:\/\/rurallascolonias.com.ar\/index.php?rest_route=\/wp\/v2\/users\/5"}],"replies":[{"embeddable":true,"href":"http:\/\/rurallascolonias.com.ar\/index.php?rest_route=%2Fwp%2Fv2%2Fcomments&post=6187"}],"version-history":[{"count":2,"href":"http:\/\/rurallascolonias.com.ar\/index.php?rest_route=\/wp\/v2\/posts\/6187\/revisions"}],"predecessor-version":[{"id":6191,"href":"http:\/\/rurallascolonias.com.ar\/index.php?rest_route=\/wp\/v2\/posts\/6187\/revisions\/6191"}],"wp:attachment":[{"href":"http:\/\/rurallascolonias.com.ar\/index.php?rest_route=%2Fwp%2Fv2%2Fmedia&parent=6187"}],"wp:term":[{"taxonomy":"category","embeddable":true,"href":"http:\/\/rurallascolonias.com.ar\/index.php?rest_route=%2Fwp%2Fv2%2Fcategories&post=6187"},{"taxonomy":"post_tag","embeddable":true,"href":"http:\/\/rurallascolonias.com.ar\/index.php?rest_route=%2Fwp%2Fv2%2Ftags&post=6187"}],"curies":[{"name":"wp","href":"https:\/\/api.w.org\/{rel}","templated":true}]}}