{"id":6184,"date":"2015-03-30T00:47:43","date_gmt":"2015-03-30T00:47:43","guid":{"rendered":"http:\/\/rurallascolonias.com.ar\/?p=6184"},"modified":"2015-03-30T00:48:22","modified_gmt":"2015-03-30T00:48:22","slug":"el-1-de-abril-comienza-la-primera-campana-de-vacunacion-contra-la-fiebre-aftosa","status":"publish","type":"post","link":"http:\/\/rurallascolonias.com.ar\/?p=6184","title":{"rendered":"El 1 de abril comienza la 29\u00aa campa\u00f1a de vacunaci\u00f3n contra la fiebre aftosa"},"content":{"rendered":"<p class=\"ecxMsoNormal\"><a href=\"http:\/\/rurallascolonias.com.ar\/wp-content\/uploads\/2014\/10\/campa\u00f1a-antiaftosa.png\"><img loading=\"lazy\" class=\"aligncenter size-full wp-image-4361\" src=\"http:\/\/rurallascolonias.com.ar\/wp-content\/uploads\/2014\/10\/campa\u00f1a-antiaftosa.png\" alt=\"campa\u00f1a antiaftosa\" width=\"272\" height=\"185\" \/><\/a>La Fundaci\u00f3n Las Colonias informa que el d\u00eda 1 de abril se inicia \u00a0la 29\u00aa campa\u00f1a de vacunaci\u00f3n contra la fiebre aftosa. La misma tendr\u00e1 la modalidad de la vacunaci\u00f3n total del rodeo bovino.<\/p>\n<p class=\"ecxMsoNormal\">Tambi\u00e9n\u00a0la entidad informa\u00a0que, por resoluci\u00f3n del Ministerio de La Producci\u00f3n ,es obligatoria la vacunaci\u00f3n contra el carbunclo de todos los bovinos mayores de tres meses.<\/p>\n<p class=\"ecxMsoNormal\">Sr.Productor ,cont\u00e1ctese con su M\u00e9dico Veterinario y programe su vacunaci\u00f3n .<!--more--><\/p>\n<p class=\"ecxMsoNormal\">Fundaci\u00f3n Las Colonias a trav\u00e9s de la Sociedad Rural de Las Colonias<\/p>\n","protected":false},"excerpt":{"rendered":"<p>La Fundaci\u00f3n Las Colonias informa que el d\u00eda 1 de abril se inicia \u00a0la 29\u00aa campa\u00f1a de vacunaci\u00f3n contra la fiebre aftosa. La misma tendr\u00e1 la modalidad de la vacunaci\u00f3n total del rodeo bovino. Tambi\u00e9n\u00a0la entidad informa\u00a0que, por resoluci\u00f3n del Ministerio de La Producci\u00f3n ,es obligatoria la vacunaci\u00f3n contra el carbunclo de todos los bovinos [&hellip;]<\/p>\n","protected":false},"author":5,"featured_media":0,"comment_status":"open","ping_status":"open","sticky":false,"template":"","format":"standard","meta":[],"categories":[29],"tags":[1932,1421],"_links":{"self":[{"href":"http:\/\/rurallascolonias.com.ar\/index.php?rest_route=\/wp\/v2\/posts\/6184"}],"collection":[{"href":"http:\/\/rurallascolonias.com.ar\/index.php?rest_route=\/wp\/v2\/posts"}],"about":[{"href":"http:\/\/rurallascolonias.com.ar\/index.php?rest_route=\/wp\/v2\/types\/post"}],"author":[{"embeddable":true,"href":"http:\/\/rurallascolonias.com.ar\/index.php?rest_route=\/wp\/v2\/users\/5"}],"replies":[{"embeddable":true,"href":"http:\/\/rurallascolonias.com.ar\/index.php?rest_route=%2Fwp%2Fv2%2Fcomments&post=6184"}],"version-history":[{"count":2,"href":"http:\/\/rurallascolonias.com.ar\/index.php?rest_route=\/wp\/v2\/posts\/6184\/revisions"}],"predecessor-version":[{"id":6186,"href":"http:\/\/rurallascolonias.com.ar\/index.php?rest_route=\/wp\/v2\/posts\/6184\/revisions\/6186"}],"wp:attachment":[{"href":"http:\/\/rurallascolonias.com.ar\/index.php?rest_route=%2Fwp%2Fv2%2Fmedia&parent=6184"}],"wp:term":[{"taxonomy":"category","embeddable":true,"href":"http:\/\/rurallascolonias.com.ar\/index.php?rest_route=%2Fwp%2Fv2%2Fcategories&post=6184"},{"taxonomy":"post_tag","embeddable":true,"href":"http:\/\/rurallascolonias.com.ar\/index.php?rest_route=%2Fwp%2Fv2%2Ftags&post=6184"}],"curies":[{"name":"wp","href":"https:\/\/api.w.org\/{rel}","templated":true}]}}