{"id":6105,"date":"2015-03-18T17:00:57","date_gmt":"2015-03-18T17:00:57","guid":{"rendered":"http:\/\/rurallascolonias.com.ar\/?p=6105"},"modified":"2015-03-18T17:57:01","modified_gmt":"2015-03-18T17:57:01","slug":"para-la-sociedad-rural-poner-al-productor-a-seguir-tramites-es-perverso","status":"publish","type":"post","link":"http:\/\/rurallascolonias.com.ar\/?p=6105","title":{"rendered":"Para la Sociedad Rural poner al productor a seguir tr\u00e1mites \u00abes perverso\u00bb"},"content":{"rendered":"<p><a href=\"http:\/\/rurallascolonias.com.ar\/wp-content\/uploads\/2014\/07\/ETCHEVEHERE.jpg\"><img loading=\"lazy\" class=\"aligncenter size-full wp-image-3120\" src=\"http:\/\/rurallascolonias.com.ar\/wp-content\/uploads\/2014\/07\/ETCHEVEHERE.jpg\" alt=\"ETCHEVEHERE\" width=\"337\" height=\"149\" srcset=\"http:\/\/rurallascolonias.com.ar\/wp-content\/uploads\/2014\/07\/ETCHEVEHERE.jpg 337w, http:\/\/rurallascolonias.com.ar\/wp-content\/uploads\/2014\/07\/ETCHEVEHERE-300x132.jpg 300w\" sizes=\"(max-width: 337px) 100vw, 337px\" \/><\/a>Lo asegur\u00f3 Luis Miguel Etchevehere. Afirm\u00f3 que la creaci\u00f3n del fondo compensador de $ 2.500 para peque\u00f1os productores agr\u00edcolas \u00abenfrenta\u00bb a los ruralistas. Agreg\u00f3 que expone a los chacareros a realizar \u00abtr\u00e1mites engorrosos\u00bb.<!--more--><\/p>\n<p>En el marco de la<\/p>\n<p><b> EXPO EFI (Econom\u00eda Finanzas e Inversiones)<\/b><\/p>\n<p>, el titular de la SRA advirti\u00f3 que con estas medidas \u00abel Gobierno est\u00e1 m\u00e1s concentrado en romper, que en estimular, en que se produzca m\u00e1s, que haya concordia entre productores y los habitantes del pa\u00eds\u00bb. Adem\u00e1s, recalc\u00f3 que<\/p>\n<p><b> \u00absi esa es la demostraci\u00f3n de la pol\u00edtica del Gobierno es la peor que pueden mostrar o elegir; la pol\u00edtica del enfrentamiento\u00bb.<\/b><\/p>\n<p>Al ser consultado por el diario \u00c1mbito Financiero sobre el beneficio para m\u00e1s de 46.000 productores, el empresario consider\u00f3 que<\/p>\n<p><b>\u00abno es un incentivo\u00bb<\/b><\/p>\n<p>y repudi\u00f3 el mecanismo de devoluci\u00f3n de las retenciones aplicadas.<\/p>\n<p><b>\u00abEs perverso poner al productor a seguir tr\u00e1mites engorrosos e incumplibles, y por otro lado, lo hacen depender de la voluntad del exportador porque lo dijo el ministro claramente: &#8216;lo vamos a empezar a devolver en la medida que liquiden divisas'\u00bb.<\/b><\/p>\n<p><b>\u00abCrea una expectativa de que el cumplimiento depende de un tercero. Si realmente quieren beneficiar la producci\u00f3n y que se produzca m\u00e1s saquen las retenciones, no hagan este mecanismo perverso para crear una expectativa que ahora depende de otros\u00bb<\/b><\/p>\n<p>, asever\u00f3 Etchevehere durante su visita a la convenci\u00f3n econ\u00f3mica anual, que se realiza 17 y 18 de marzo en el Hotel Hilton.<\/p>\n<p>\u00abNuestra postura es que saquen todas las retenciones\u00bb, subray\u00f3 el ganadero. \u00abEs el camino -continu\u00f3- que siguen nuestros competidores, y que tienen econom\u00edas que no tienen inflaci\u00f3n, m\u00e1s reservas en sus bancos centrales, tienen alimentos al precio de la canasta familiar y estamos hablando de Uruguay, Paraguay, Brasil, Chile y Bolivia\u00bb.<\/p>\n<p>Etchvehere insisti\u00f3 que<\/p>\n<p><b>\u00abla pol\u00edtica del Gobierno mostr\u00f3 su fracaso\u00bb<\/b><\/p>\n<p>y remarc\u00f3 que \u00abhoy todas las actividades productivas est\u00e1n agonizando, por culpa entre otras cosas, de los impuestos para exportar: son recesivos y no sirven\u00bb.<\/p>\n<p>En este marco, analiz\u00f3 el impacto del cese de comercializaci\u00f3n de productos agropecuarios que lanzaron tres entidades de las cuatro que integran la Mesa de Enlace. \u00abFue muy bueno porque logramos instalar temas, como el fracaso de las pol\u00edticas del gobierno\u00bb, destac\u00f3, y enumer\u00f3 las complicaciones que producen al campo \u00ablos precios m\u00e1ximos, previsiones de exportar, alt\u00edsima presi\u00f3n impositiva, inflaci\u00f3n, trabas al comercio y prohibiciones de importar\u00bb.<\/p>\n<p><b>\u00abCuando lo empezamos a decir en 2005 y 2006 nos dijeron desestabilizadores, golpistas agoreros. Lamentablemente en ese momento tuvimos raz\u00f3n y se llev\u00f3 a adelante todo lo que anunciamos<\/b><\/p>\n<p>\u00ab, se\u00f1al\u00f3.<\/p>\n<p>Asimismo, asegur\u00f3 que el argumento del Gobierno nacional de aplicar retenciones para \u00abcuidar\u00bb la mesa de los argentinos era una \u00abmentira\u00bb. Seg\u00fan Etchevere, con ese lema el Poder Ejecutivo<\/p>\n<p><b> \u00abjustific\u00f3 lo que hizo para defender la mesa de los argentinos y hoy recibimos un precio por abajo del costo de producci\u00f3n, un precio de quebranto, y no quiere decir que los alimentos est\u00e9n m\u00e1s baratos en las g\u00f3ndolas\u00bb.<\/b><\/p>\n<p>En ese marco, identific\u00f3 que los \u00abdos grandes perdedores\u00bb de las pol\u00edticas agropecuarias fueron el productor y el consumidor. \u00abCada vez est\u00e1n m\u00e1s caros los alimentos\u00bb, enfatiz\u00f3.<\/p>\n<p>El ruralista tambi\u00e9n aprovech\u00f3 y envi\u00f3 un mensaje a los dirigentes nacionales y provinciales que competir\u00e1n por cargos electivos este a\u00f1o. \u00abEn la Argentina de esta manera no se puede producir. Est\u00e1 la foto de nuestros pa\u00edses competidores que con las pol\u00edticas exactamente contrariaras a las del Gobierno tienen econom\u00edas florecientes, producen cada vez m\u00e1s, no persiguen a sus productores, no los atacan, no les hacen operaciones de prensa, estimulan la producci\u00f3n con sistemas impositivos que alientan la inversi\u00f3n\u00bb, subray\u00f3.<\/p>\n<p>Por otra parte, rest\u00f3 importancia a las cr\u00edticas de la<\/p>\n<p><b>Federaci\u00f3n Agraria Argentina <\/b><\/p>\n<p>(FAA) al paro y minimiz\u00f3 la actividad portuaria durante la medida de fuerza de los productores que no adher\u00edan, que se estim\u00f3 en<\/p>\n<p><b>3.500 camiones<\/b><\/p>\n<p>con granos para exportar en el puerto de Rosario. \u00abNunca dijimos que \u00edbamos a evitar la entrada de camiones al puerto. Fue cese de comercializaci\u00f3n. De 100.000 toneladas por d\u00eda se negociaron solo 6.000. En Liniers entraron 800 cabezas el primer d\u00eda y nada el segundo y tercer d\u00eda. Esa es la se\u00f1al que dieron los productores para que nuestra voz se escuche\u00bb, concluy\u00f3.<\/p>\n<p>Fuente: edicionrural.com<\/p>\n","protected":false},"excerpt":{"rendered":"<p>Lo asegur\u00f3 Luis Miguel Etchevehere. Afirm\u00f3 que la creaci\u00f3n del fondo compensador de $ 2.500 para peque\u00f1os productores agr\u00edcolas \u00abenfrenta\u00bb a los ruralistas. Agreg\u00f3 que expone a los chacareros a realizar \u00abtr\u00e1mites engorrosos\u00bb.<\/p>\n","protected":false},"author":5,"featured_media":0,"comment_status":"open","ping_status":"open","sticky":false,"template":"","format":"standard","meta":[],"categories":[42],"tags":[73],"_links":{"self":[{"href":"http:\/\/rurallascolonias.com.ar\/index.php?rest_route=\/wp\/v2\/posts\/6105"}],"collection":[{"href":"http:\/\/rurallascolonias.com.ar\/index.php?rest_route=\/wp\/v2\/posts"}],"about":[{"href":"http:\/\/rurallascolonias.com.ar\/index.php?rest_route=\/wp\/v2\/types\/post"}],"author":[{"embeddable":true,"href":"http:\/\/rurallascolonias.com.ar\/index.php?rest_route=\/wp\/v2\/users\/5"}],"replies":[{"embeddable":true,"href":"http:\/\/rurallascolonias.com.ar\/index.php?rest_route=%2Fwp%2Fv2%2Fcomments&post=6105"}],"version-history":[{"count":3,"href":"http:\/\/rurallascolonias.com.ar\/index.php?rest_route=\/wp\/v2\/posts\/6105\/revisions"}],"predecessor-version":[{"id":6109,"href":"http:\/\/rurallascolonias.com.ar\/index.php?rest_route=\/wp\/v2\/posts\/6105\/revisions\/6109"}],"wp:attachment":[{"href":"http:\/\/rurallascolonias.com.ar\/index.php?rest_route=%2Fwp%2Fv2%2Fmedia&parent=6105"}],"wp:term":[{"taxonomy":"category","embeddable":true,"href":"http:\/\/rurallascolonias.com.ar\/index.php?rest_route=%2Fwp%2Fv2%2Fcategories&post=6105"},{"taxonomy":"post_tag","embeddable":true,"href":"http:\/\/rurallascolonias.com.ar\/index.php?rest_route=%2Fwp%2Fv2%2Ftags&post=6105"}],"curies":[{"name":"wp","href":"https:\/\/api.w.org\/{rel}","templated":true}]}}