{"id":6102,"date":"2015-03-18T17:49:12","date_gmt":"2015-03-18T17:49:12","guid":{"rendered":"http:\/\/rurallascolonias.com.ar\/?p=6102"},"modified":"2015-03-18T17:49:12","modified_gmt":"2015-03-18T17:49:12","slug":"si-las-van-a-devolver-para-que-cobran","status":"publish","type":"post","link":"http:\/\/rurallascolonias.com.ar\/?p=6102","title":{"rendered":"\u201cSi las van a devolver, \u00bfpara qu\u00e9 cobran?\u201d"},"content":{"rendered":"<div class=\"description\"><a href=\"http:\/\/rurallascolonias.com.ar\/wp-content\/uploads\/2015\/03\/cfk.png\"><img loading=\"lazy\" class=\"aligncenter size-full wp-image-6103\" src=\"http:\/\/rurallascolonias.com.ar\/wp-content\/uploads\/2015\/03\/cfk.png\" alt=\"cfk\" width=\"300\" height=\"168\" \/><\/a>La CRA se\u00f1al\u00f3 en un comunicado que las medidas anunciadas ayer sobre la segmentaci\u00f3n de las retenciones son \u00abde dif\u00edcil cumplimiento\u00bb.<\/div>\n<p><!--more--><\/p>\n<div class=\"authorinfo\"><\/div>\n<div class=\"vsmcontent\">\n<p>Cristina Fern\u00e1ndez de Kirchner <a style=\"line-height: 1.2em;\" href=\"http:\/\/supercampo.perfil.com\/2015\/03\/retenciones-segmentadas-a-quienes-alcanzan-y-como-acceder\/\" target=\"_blank\"><span style=\"color: #0066cc;\">anunci\u00f3 una segmentaci\u00f3n de las retenciones<\/span><\/a><span style=\"line-height: 1.2em;\">, por la cual el dinero abonado ser\u00e1 restituido a los peque\u00f1os y medianos productores.<\/span><\/p>\n<p>Luego de conocido el alcance de la nueva disposici\u00f3n, Confederaciones Rurales Argentinas (CRA) emiti\u00f3 un <strong>cr\u00edtico comunicado.<\/strong><\/p>\n<p>\u201cUna vez m\u00e1s escuchamos un anuncio sobre reducci\u00f3n de retenciones, como otros que propuso el kirchnerismo (Trigo Plus y Ma\u00edz Plus) y que <strong>solo quedaron en la promesa<\/strong>\u201c, comienza el texto, al tiempo que agrega: <strong>\u201cSi van a devolver las retenciones mediante mecanismos engorrosos y de dif\u00edcil cumplimiento, \u00bfpara qu\u00e9 las cobran? M\u00e1s a\u00fan si se subordina la supuesta rebaja a la voluntad de los exportadores\u201d.<\/strong><\/p>\n<p>En otro tramo del documento, la entidad se lamenta de que \u201clas econom\u00edas regionales, cuya p\u00e9rdida de competitividad pone en riesgo el empleo de 1,5 millones de personas, hayan estado ausentes en el discurso oficial\u201d.<\/p>\n<p>\u201c<strong>Las medidas anunciadas son de dif\u00edcil cumplimiento<\/strong>. El gobierno nacional deber\u00eda promover a las producciones para que las mismas vuelvan a tener competitividad y rentabilidad en un mercado transparente y equitativo\u201d, cierra el comunicado.<\/p>\n<p>Fuente: <a title=\"Super Campo\" href=\"http:\/\/supercampo.perfil.com\/\"><span style=\"color: #0066cc;\">Super Campo<\/span><\/a><\/p>\n<\/div>\n","protected":false},"excerpt":{"rendered":"<p>La CRA se\u00f1al\u00f3 en un comunicado que las medidas anunciadas ayer sobre la segmentaci\u00f3n de las retenciones son \u00abde dif\u00edcil cumplimiento\u00bb.<\/p>\n","protected":false},"author":5,"featured_media":0,"comment_status":"open","ping_status":"open","sticky":false,"template":"","format":"standard","meta":[],"categories":[14],"tags":[1916],"_links":{"self":[{"href":"http:\/\/rurallascolonias.com.ar\/index.php?rest_route=\/wp\/v2\/posts\/6102"}],"collection":[{"href":"http:\/\/rurallascolonias.com.ar\/index.php?rest_route=\/wp\/v2\/posts"}],"about":[{"href":"http:\/\/rurallascolonias.com.ar\/index.php?rest_route=\/wp\/v2\/types\/post"}],"author":[{"embeddable":true,"href":"http:\/\/rurallascolonias.com.ar\/index.php?rest_route=\/wp\/v2\/users\/5"}],"replies":[{"embeddable":true,"href":"http:\/\/rurallascolonias.com.ar\/index.php?rest_route=%2Fwp%2Fv2%2Fcomments&post=6102"}],"version-history":[{"count":1,"href":"http:\/\/rurallascolonias.com.ar\/index.php?rest_route=\/wp\/v2\/posts\/6102\/revisions"}],"predecessor-version":[{"id":6104,"href":"http:\/\/rurallascolonias.com.ar\/index.php?rest_route=\/wp\/v2\/posts\/6102\/revisions\/6104"}],"wp:attachment":[{"href":"http:\/\/rurallascolonias.com.ar\/index.php?rest_route=%2Fwp%2Fv2%2Fmedia&parent=6102"}],"wp:term":[{"taxonomy":"category","embeddable":true,"href":"http:\/\/rurallascolonias.com.ar\/index.php?rest_route=%2Fwp%2Fv2%2Fcategories&post=6102"},{"taxonomy":"post_tag","embeddable":true,"href":"http:\/\/rurallascolonias.com.ar\/index.php?rest_route=%2Fwp%2Fv2%2Ftags&post=6102"}],"curies":[{"name":"wp","href":"https:\/\/api.w.org\/{rel}","templated":true}]}}