{"id":6082,"date":"2015-03-17T15:42:35","date_gmt":"2015-03-17T15:42:35","guid":{"rendered":"http:\/\/rurallascolonias.com.ar\/?p=6082"},"modified":"2015-03-17T15:42:35","modified_gmt":"2015-03-17T15:42:35","slug":"rechazo-y-dudas-de-la-comision-de-enlace","status":"publish","type":"post","link":"http:\/\/rurallascolonias.com.ar\/?p=6082","title":{"rendered":"Rechazo y dudas de la Comisi\u00f3n de Enlace"},"content":{"rendered":"<p><strong><em><a href=\"http:\/\/rurallascolonias.com.ar\/wp-content\/uploads\/2015\/03\/Mesa-de-Enlace-21.jpg\"><img loading=\"lazy\" class=\"aligncenter wp-image-6083 size-medium\" src=\"http:\/\/rurallascolonias.com.ar\/wp-content\/uploads\/2015\/03\/Mesa-de-Enlace-21-300x155.jpg\" alt=\"Mesa de Enlace 2\" width=\"300\" height=\"155\" srcset=\"http:\/\/rurallascolonias.com.ar\/wp-content\/uploads\/2015\/03\/Mesa-de-Enlace-21-300x155.jpg 300w, http:\/\/rurallascolonias.com.ar\/wp-content\/uploads\/2015\/03\/Mesa-de-Enlace-21-600x310.jpg 600w, http:\/\/rurallascolonias.com.ar\/wp-content\/uploads\/2015\/03\/Mesa-de-Enlace-21-624x322.jpg 624w, http:\/\/rurallascolonias.com.ar\/wp-content\/uploads\/2015\/03\/Mesa-de-Enlace-21.jpg 648w\" sizes=\"(max-width: 300px) 100vw, 300px\" \/><\/a>Se deben eliminar las retenciones\u00bb, dijeron la Rural, CRA y Coninagro<\/em><\/strong><!--more--><\/p>\n<p>Conocido el Programa de Est\u00edmulo a Peque\u00f1os Productores, anunciado por la presidenta Cristina Kirchner tras un acuerdo con la Federaci\u00f3n Agraria Argentina (FAA), las otras tres entidades del campo, que integran la Comisi\u00f3n de Enlace no esperaron en reaccionar y poner en duda la efectividad de los anuncios.<\/p>\n<p style=\"text-align: justify;\">\u00abLas retenciones se deben eliminar\u00bb, titularon en un escueto comunicado la Sociedad Rural Argentina (SRA), Confederaciones Rurales Argentinas (CRA) y la Confederaci\u00f3n Intercooperativa Agropecuaria (Coninagro) en el que sintetizan su disconformidad.<\/p>\n<p>\u00abUna vez m\u00e1s escuchamos un anuncio sobre reducci\u00f3n de retenciones, como otros que propuso el kirchnerismo (Trigo Plus y Ma\u00edz Plus) y que s\u00f3lo quedaron en la promesa\u00bb, se\u00f1ala la nota.<\/p>\n<p style=\"text-align: justify;\">Y luego se plantea: \u00abSi van a devolver las retenciones mediante mecanismos engorrosos y de dif\u00edcil cumplimiento, \u00bfpara qu\u00e9 las cobran? M\u00e1s aun si se subordina la supuesta rebaja a la voluntad de los exportadores\u00bb.<\/p>\n<p style=\"text-align: justify;\">Un p\u00e1rrafo aparte dedicaron las entidades a la falta de atenci\u00f3n a las econom\u00edas regionales: \u00abLamentamos que las econom\u00edas regionales, cuya p\u00e9rdida de competitividad pone en riesgo el empleo de 1,5 millones de personas, hayan estado ausentes en el discurso oficial\u00bb.<\/p>\n<p style=\"text-align: justify;\">Por \u00faltimo las entidades consideran que las medidas anunciadas son de dif\u00edcil cumplimiento. \u00abEl gobierno nacional deber\u00eda promover a las producciones para que las mismas vuelvan a tener competitividad y rentabilidad en un mercado transparente y equitativo\u00bb, concluy\u00f3 el comunicado.<\/p>\n<p>Consultado por LA NACION, el vicepresidente primero de CRA, Pedro Apaolaza, dej\u00f3 entrever su escepticismo y preocupaci\u00f3n ya que esta medida en lo econ\u00f3mico para el productor \u00abes m\u00e1s de lo mismo y no va a solucionar nada\u00bb.<\/p>\n<p style=\"text-align: justify;\">Para el dirigente, el fondo que se crea \u00abes de 2500 millones de pesos, pero desde que se aplican las retenciones, el campo ya pago 70.000 millones de d\u00f3lares\u00bb.<\/p>\n<p style=\"text-align: justify;\"><span style=\"line-height: 1.2em;\">Por otro lado a Apaolaza le preocupa la actitud de la FAA de \u00absacarse la foto con el Gobierno\u00bb. Y agreg\u00f3 : \u00abA estas alturas esto ya no tiene retorno\u00bb, se\u00f1al\u00f3 el dirigente respecto del alejamiento de la FAA de la Mesa de Enlace\u00bb.<\/span><\/p>\n<p style=\"text-align: justify;\">Fuente: La Naci\u00f3n<\/p>\n","protected":false},"excerpt":{"rendered":"<p>Se deben eliminar las retenciones\u00bb, dijeron la Rural, CRA y Coninagro<\/p>\n","protected":false},"author":5,"featured_media":0,"comment_status":"open","ping_status":"open","sticky":false,"template":"","format":"standard","meta":[],"categories":[1],"tags":[216,30,77,3],"_links":{"self":[{"href":"http:\/\/rurallascolonias.com.ar\/index.php?rest_route=\/wp\/v2\/posts\/6082"}],"collection":[{"href":"http:\/\/rurallascolonias.com.ar\/index.php?rest_route=\/wp\/v2\/posts"}],"about":[{"href":"http:\/\/rurallascolonias.com.ar\/index.php?rest_route=\/wp\/v2\/types\/post"}],"author":[{"embeddable":true,"href":"http:\/\/rurallascolonias.com.ar\/index.php?rest_route=\/wp\/v2\/users\/5"}],"replies":[{"embeddable":true,"href":"http:\/\/rurallascolonias.com.ar\/index.php?rest_route=%2Fwp%2Fv2%2Fcomments&post=6082"}],"version-history":[{"count":1,"href":"http:\/\/rurallascolonias.com.ar\/index.php?rest_route=\/wp\/v2\/posts\/6082\/revisions"}],"predecessor-version":[{"id":6084,"href":"http:\/\/rurallascolonias.com.ar\/index.php?rest_route=\/wp\/v2\/posts\/6082\/revisions\/6084"}],"wp:attachment":[{"href":"http:\/\/rurallascolonias.com.ar\/index.php?rest_route=%2Fwp%2Fv2%2Fmedia&parent=6082"}],"wp:term":[{"taxonomy":"category","embeddable":true,"href":"http:\/\/rurallascolonias.com.ar\/index.php?rest_route=%2Fwp%2Fv2%2Fcategories&post=6082"},{"taxonomy":"post_tag","embeddable":true,"href":"http:\/\/rurallascolonias.com.ar\/index.php?rest_route=%2Fwp%2Fv2%2Ftags&post=6082"}],"curies":[{"name":"wp","href":"https:\/\/api.w.org\/{rel}","templated":true}]}}