{"id":6069,"date":"2015-03-16T18:26:58","date_gmt":"2015-03-16T18:26:58","guid":{"rendered":"http:\/\/rurallascolonias.com.ar\/?p=6069"},"modified":"2015-03-16T18:28:38","modified_gmt":"2015-03-16T18:28:38","slug":"continua-el-plan-gremial-de-las-3-entidades","status":"publish","type":"post","link":"http:\/\/rurallascolonias.com.ar\/?p=6069","title":{"rendered":"Contin\u00faa el plan gremial de las 3 entidades"},"content":{"rendered":"<div class=\"description\"><a href=\"http:\/\/rurallascolonias.com.ar\/wp-content\/uploads\/2015\/02\/mesa-de-enlace.png\"><img loading=\"lazy\" class=\"aligncenter size-full wp-image-5841\" src=\"http:\/\/rurallascolonias.com.ar\/wp-content\/uploads\/2015\/02\/mesa-de-enlace.png\" alt=\"mesa de enlace\" width=\"271\" height=\"186\" \/><\/a>Incluye asambleas de productores en distintos puntos del pa\u00eds \u00abcon el objetivo de colocar en la agenda p\u00fablica lo que verdaderamente est\u00e1 sucediendo en el campo\u201d.<\/div>\n<p><!--more--><\/p>\n<div class=\"authorinfo\"><\/div>\n<div class=\"vsmcontent\">\n<p align=\"justify\">El presidente de Confederaciones Rurales Argentinas, Rub\u00e9n Ferrero, particip\u00f3 en la ciudad de Salta de la jornada final del cese de comercializaci\u00f3n impulsado por Confederaciones Rurales Argentinas, Coninagro y Sociedad Rural Argentina durante 72 horas.<\/p>\n<p align=\"justify\">En respuesta a los dichos del jefe de Gabinete An\u00edbal Fern\u00e1ndez sobre que el cese de comercializaci\u00f3n \u201cno tuvo trascendencia\u201d Ferrero manifest\u00f3 que \u201cel gobierno contin\u00faa sin reconocer lo que pasa en la Argentina porque vive enfrascado en su propio relato. El acatamiento fue amplio porque fueron los mismos productores los que lo solicitaron. Los corrales vac\u00edos en el Mercado de Liniers, las econom\u00edas regionales paralizadas y los productores movilizados son un solo algunos ejemplos\u201d.<\/p>\n<p align=\"justify\">\u201cSe lleg\u00f3 al cese de comercializaci\u00f3n por pedido de los mismos productores, por ejemplo, de trigo que no saben a quien vender su producci\u00f3n, por los productores de frutas del sur de la Argentina que no cubren ni siquiera los costos de cosecha, y de los productores de uva que no tienen quien les compre su producci\u00f3n, por nombrar solo algunas de los producciones en crisis\u201d, sostuvo Ferrero.<\/p>\n<p align=\"justify\">En l\u00ednea con las estrategias a seguir Ferrero dijo que \u201cvamos a continuar con un plan gremial que incluye asambleas de productores en distintos puntos del pa\u00eds con el objetivo de colocar en la agenda p\u00fablica lo que verdaderamente est\u00e1 sucediendo en el campo\u201d.<\/p>\n<p align=\"justify\">En ese mismo sentido el presidente de CRA estar\u00e1 este lunes en la zona de Bandera, Santiago del Estero,\u00a0en el predio de la Sociedad Rural del Sudeste Santiague\u00f1o\u00a0participando de una asamblea de productores fuertemente afectados por unas hist\u00f3ricas inundaciones.<\/p>\n<p align=\"justify\">Fuente: <a title=\"ON24 Agro\" href=\"http:\/\/www.on24.com.ar\/\"><span style=\"color: #0066cc;\">ON24 Agro<\/span><\/a><\/p>\n<\/div>\n","protected":false},"excerpt":{"rendered":"<p>Incluye asambleas de productores en distintos puntos del pa\u00eds \u00abcon el objetivo de colocar en la agenda p\u00fablica lo que verdaderamente est\u00e1 sucediendo en el campo\u201d.<\/p>\n","protected":false},"author":5,"featured_media":0,"comment_status":"open","ping_status":"open","sticky":false,"template":"","format":"standard","meta":[],"categories":[14],"tags":[1907],"_links":{"self":[{"href":"http:\/\/rurallascolonias.com.ar\/index.php?rest_route=\/wp\/v2\/posts\/6069"}],"collection":[{"href":"http:\/\/rurallascolonias.com.ar\/index.php?rest_route=\/wp\/v2\/posts"}],"about":[{"href":"http:\/\/rurallascolonias.com.ar\/index.php?rest_route=\/wp\/v2\/types\/post"}],"author":[{"embeddable":true,"href":"http:\/\/rurallascolonias.com.ar\/index.php?rest_route=\/wp\/v2\/users\/5"}],"replies":[{"embeddable":true,"href":"http:\/\/rurallascolonias.com.ar\/index.php?rest_route=%2Fwp%2Fv2%2Fcomments&post=6069"}],"version-history":[{"count":4,"href":"http:\/\/rurallascolonias.com.ar\/index.php?rest_route=\/wp\/v2\/posts\/6069\/revisions"}],"predecessor-version":[{"id":6073,"href":"http:\/\/rurallascolonias.com.ar\/index.php?rest_route=\/wp\/v2\/posts\/6069\/revisions\/6073"}],"wp:attachment":[{"href":"http:\/\/rurallascolonias.com.ar\/index.php?rest_route=%2Fwp%2Fv2%2Fmedia&parent=6069"}],"wp:term":[{"taxonomy":"category","embeddable":true,"href":"http:\/\/rurallascolonias.com.ar\/index.php?rest_route=%2Fwp%2Fv2%2Fcategories&post=6069"},{"taxonomy":"post_tag","embeddable":true,"href":"http:\/\/rurallascolonias.com.ar\/index.php?rest_route=%2Fwp%2Fv2%2Ftags&post=6069"}],"curies":[{"name":"wp","href":"https:\/\/api.w.org\/{rel}","templated":true}]}}