{"id":6025,"date":"2015-03-12T18:30:45","date_gmt":"2015-03-12T18:30:45","guid":{"rendered":"http:\/\/rurallascolonias.com.ar\/?p=6025"},"modified":"2015-03-12T18:30:45","modified_gmt":"2015-03-12T18:30:45","slug":"con-la-adhesion-de-filiales-de-faa-confirman-que-el-paro-agropecuario-tiene-un-alto-acatamiento","status":"publish","type":"post","link":"http:\/\/rurallascolonias.com.ar\/?p=6025","title":{"rendered":"Con la adhesi\u00f3n de filiales de FAA, confirman que el paro agropecuario tiene un alto acatamiento"},"content":{"rendered":"<h2><a href=\"http:\/\/rurallascolonias.com.ar\/wp-content\/uploads\/2014\/01\/MESA-DE-ENLACE.jpg\"><img loading=\"lazy\" class=\"aligncenter size-full wp-image-784\" src=\"http:\/\/rurallascolonias.com.ar\/wp-content\/uploads\/2014\/01\/MESA-DE-ENLACE.jpg\" alt=\"MESA DE ENLACE\" width=\"648\" height=\"335\" srcset=\"http:\/\/rurallascolonias.com.ar\/wp-content\/uploads\/2014\/01\/MESA-DE-ENLACE.jpg 648w, http:\/\/rurallascolonias.com.ar\/wp-content\/uploads\/2014\/01\/MESA-DE-ENLACE-300x155.jpg 300w, http:\/\/rurallascolonias.com.ar\/wp-content\/uploads\/2014\/01\/MESA-DE-ENLACE-600x310.jpg 600w, http:\/\/rurallascolonias.com.ar\/wp-content\/uploads\/2014\/01\/MESA-DE-ENLACE-624x322.jpg 624w\" sizes=\"(max-width: 648px) 100vw, 648px\" \/><\/a>Hasta el viernes a las 24 habr\u00e1 un cese de comercializaci\u00f3n de granos y hacienda, propuesto por la Mesa de Enlace, con excepci\u00f3n de Federaci\u00f3n Agraria. En Liniers, ingresaron s\u00f3lo 950 cabezas.<\/h2>\n<p><!--more--><\/p>\n<p><strong>11.03.2015<\/strong>\u00a0\u00a0A las cero horas de este mi\u00e9rcoles 11 de marzo comenz\u00f3 la medida de fuerza lanzada por la Mesa de Enlace, con excepci\u00f3n de Federaci\u00f3n Agraria, que se extender\u00e1 hasta el viernes 13 a las 24 horas. De acuerdo al relevamiento obtenido por las entidades que convocaron al paro (CRA, SRA y CONINAGRO), el cese de comercializaci\u00f3n de granos y hacienda presenta un alto acatamiento en todo el pa\u00eds.<\/p>\n<p>\u00abEl cese de comercializaci\u00f3n es contundente en todo el pa\u00eds porque son las medidas pedidas por todos los productores\u00a0para expresar no solamente a este Gobierno, sino a todos los gobernantes que puedan venir que as\u00ed no se puede producir as\u00ed en la Argentina\u00bb, reconoci\u00f3 el presidente de SRA, Luis Miguel Etchevehere.<\/p>\n<p>Si bien el Consejo Directivo Central de Federaci\u00f3n Agraria resolvi\u00f3 no apoyar la protesta (el jueves 19 har\u00e1 una Jornada Nacional por su cuenta), varias filiales del interior del pa\u00eds se sumaron a la medida de la Mesa de Enlace.<\/p>\n<p>Para graficar el impacto que tuvo el paro agropecuario en su primer d\u00eda, debe mencionarse que en el Mercado de Liniers ingresaron s\u00f3lo 950 cabezas este mi\u00e9rcoles, cuando el lunes y martes hab\u00edan entrado aproximadamente 5.000 y 15.000, respectivamente<\/p>\n<p><strong>Fuente: Nuestro Agro<\/strong><\/p>\n","protected":false},"excerpt":{"rendered":"<p>Hasta el viernes a las 24 habr\u00e1 un cese de comercializaci\u00f3n de granos y hacienda, propuesto por la Mesa de Enlace, con excepci\u00f3n de Federaci\u00f3n Agraria. En Liniers, ingresaron s\u00f3lo 950 cabezas.<\/p>\n","protected":false},"author":5,"featured_media":0,"comment_status":"open","ping_status":"open","sticky":false,"template":"","format":"standard","meta":[],"categories":[42],"tags":[1895,648,1894],"_links":{"self":[{"href":"http:\/\/rurallascolonias.com.ar\/index.php?rest_route=\/wp\/v2\/posts\/6025"}],"collection":[{"href":"http:\/\/rurallascolonias.com.ar\/index.php?rest_route=\/wp\/v2\/posts"}],"about":[{"href":"http:\/\/rurallascolonias.com.ar\/index.php?rest_route=\/wp\/v2\/types\/post"}],"author":[{"embeddable":true,"href":"http:\/\/rurallascolonias.com.ar\/index.php?rest_route=\/wp\/v2\/users\/5"}],"replies":[{"embeddable":true,"href":"http:\/\/rurallascolonias.com.ar\/index.php?rest_route=%2Fwp%2Fv2%2Fcomments&post=6025"}],"version-history":[{"count":1,"href":"http:\/\/rurallascolonias.com.ar\/index.php?rest_route=\/wp\/v2\/posts\/6025\/revisions"}],"predecessor-version":[{"id":6026,"href":"http:\/\/rurallascolonias.com.ar\/index.php?rest_route=\/wp\/v2\/posts\/6025\/revisions\/6026"}],"wp:attachment":[{"href":"http:\/\/rurallascolonias.com.ar\/index.php?rest_route=%2Fwp%2Fv2%2Fmedia&parent=6025"}],"wp:term":[{"taxonomy":"category","embeddable":true,"href":"http:\/\/rurallascolonias.com.ar\/index.php?rest_route=%2Fwp%2Fv2%2Fcategories&post=6025"},{"taxonomy":"post_tag","embeddable":true,"href":"http:\/\/rurallascolonias.com.ar\/index.php?rest_route=%2Fwp%2Fv2%2Ftags&post=6025"}],"curies":[{"name":"wp","href":"https:\/\/api.w.org\/{rel}","templated":true}]}}