{"id":6023,"date":"2015-03-12T18:24:46","date_gmt":"2015-03-12T18:24:46","guid":{"rendered":"http:\/\/rurallascolonias.com.ar\/?p=6023"},"modified":"2015-03-12T18:24:46","modified_gmt":"2015-03-12T18:24:46","slug":"por-el-tipo-de-cambio-y-los-precios-cuidados-mastellone-perdio-518-millones","status":"publish","type":"post","link":"http:\/\/rurallascolonias.com.ar\/?p=6023","title":{"rendered":"Por el tipo de cambio y los \u2018Precios Cuidados\u2019 Mastellone perdi\u00f3 $ 518 millones"},"content":{"rendered":"<p><a href=\"http:\/\/rurallascolonias.com.ar\/wp-content\/uploads\/2014\/08\/MASTELLONE.jpg\"><img loading=\"lazy\" class=\"aligncenter size-full wp-image-3650\" src=\"http:\/\/rurallascolonias.com.ar\/wp-content\/uploads\/2014\/08\/MASTELLONE.jpg\" alt=\"MASTELLONE\" width=\"306\" height=\"165\" srcset=\"http:\/\/rurallascolonias.com.ar\/wp-content\/uploads\/2014\/08\/MASTELLONE.jpg 306w, http:\/\/rurallascolonias.com.ar\/wp-content\/uploads\/2014\/08\/MASTELLONE-300x161.jpg 300w\" sizes=\"(max-width: 306px) 100vw, 306px\" \/><\/a>La devaluaci\u00f3n y la pol\u00edtica de \u201cPrecios Cuidados\u201d impuesta por el Gobierno se transformaron en complicaciones insalvables para la l\u00e1ctea Mastellone.<!--more--><\/p>\n<p>Sus \u00faltimos resultados hab\u00edan detallado una p\u00e9rdida de $ 346 millones en los primeros nueve meses de 2014, pero finalizado el a\u00f1o pasado, ese rojo se acrecent\u00f3 hasta los $ 518 millones, seg\u00fan detall\u00f3 la compa\u00f1\u00eda en su \u00faltimo balance.<\/p>\n<p>Entre los aspectos centrales que generaron esta situaci\u00f3n aparecen dos motivos claves.<br \/>\nEl primer \u00edtem en el que la firma sufri\u00f3 complicaciones es el de los costos.<\/p>\n<p>Mastellone acus\u00f3 que durante el ejercicio 2014 los principales costos \u201cse incrementaron significativamente\u201d, entre los que destac\u00f3 a la materia prima l\u00e1ctea, que sufri\u00f3 una suba del 44%, la mano de obra (37%), los combustibles (48%), situaci\u00f3n que tambi\u00e9n se dio en otros insumos.<\/p>\n<p>En este sentido, la problem\u00e1tica principal estuvo dada por la imposibilidad de \u201ctrasladar totalmente a precios dicha suba de costos, lo que tuvo un impacto directo sobre la rentabilidad de la empresa\u201d.<\/p>\n<p>Aqu\u00ed se conjugan la pol\u00edtica de \u201cPrecios Cuidados\u201d a la que adhiri\u00f3 Mastellone con algunos de sus productos, adem\u00e1s de la fina mirada oficial hacia el comportamiento de las empresas en cuanto a su estrategia de remarcaci\u00f3n.<\/p>\n<p>Otro punto para no perder de vista es la baja que se da en el consumo a nivel general, que tambi\u00e9n afecta a Mastellone.<\/p>\n<p>El otro tema relevante dentro de la situaci\u00f3n actual de la l\u00e1ctea es el financiero.<\/p>\n<p>La compa\u00f1\u00eda tiene actualmente una deuda de u$s 200 millones que el a\u00f1o pasado resolvi\u00f3 refinanciar. De acuerdo con lo pautado, esta situaci\u00f3n deber\u00eda estar resuelta en 2021, aunque la preocupaci\u00f3n de los directivos pasa por el comportamiento del d\u00f3lar en la Argentina, donde obtiene ingresos en pesos.<\/p>\n<p>\u201cLas diferencias de cambio derivadas de la devaluaci\u00f3n del peso contribuyeron a los resultados negativos de la compa\u00f1\u00eda\u201d, afirm\u00f3 Mastellone en el informe difundido ayer.<\/p>\n<p>En este sentido, adem\u00e1s, especific\u00f3 que \u201cla devaluaci\u00f3n registrada en 2014 gener\u00f3 un aumento en el monto de los gastos financieros, los cuales, por otra parte, crecieron por la necesidad de financiar un mayor requerimiento de capital de trabajo\u201d.<\/p>\n<p>Pese a que la firma indic\u00f3 que implementar\u00e1 durante este a\u00f1o acciones tendientes a \u201cpreservar la posici\u00f3n como l\u00edder del mercado\u201d, advierte que \u201cel panorama de la econom\u00eda argentina para 2015 por ahora indica que se mantendr\u00e1n los mismos inconvenientes\u201d.<\/p>\n<p>Entre estos aspectos, detall\u00f3 el crecimiento \u201cen el mejor de los casos muy bajo y probablemente negativo\u201d; un aumento significativo en el nivel de precios; una situaci\u00f3n fiscal compleja, pese a la existencia de una alta presi\u00f3n impositiva; y la incertidumbre respecto de los posibles acuerdos con los acreedores financieros.<br \/>\nwww.cronista.com<\/p>\n","protected":false},"excerpt":{"rendered":"<p>La devaluaci\u00f3n y la pol\u00edtica de \u201cPrecios Cuidados\u201d impuesta por el Gobierno se transformaron en complicaciones insalvables para la l\u00e1ctea Mastellone.<\/p>\n","protected":false},"author":5,"featured_media":0,"comment_status":"open","ping_status":"open","sticky":false,"template":"","format":"standard","meta":[],"categories":[42],"tags":[691,1843,772],"_links":{"self":[{"href":"http:\/\/rurallascolonias.com.ar\/index.php?rest_route=\/wp\/v2\/posts\/6023"}],"collection":[{"href":"http:\/\/rurallascolonias.com.ar\/index.php?rest_route=\/wp\/v2\/posts"}],"about":[{"href":"http:\/\/rurallascolonias.com.ar\/index.php?rest_route=\/wp\/v2\/types\/post"}],"author":[{"embeddable":true,"href":"http:\/\/rurallascolonias.com.ar\/index.php?rest_route=\/wp\/v2\/users\/5"}],"replies":[{"embeddable":true,"href":"http:\/\/rurallascolonias.com.ar\/index.php?rest_route=%2Fwp%2Fv2%2Fcomments&post=6023"}],"version-history":[{"count":1,"href":"http:\/\/rurallascolonias.com.ar\/index.php?rest_route=\/wp\/v2\/posts\/6023\/revisions"}],"predecessor-version":[{"id":6024,"href":"http:\/\/rurallascolonias.com.ar\/index.php?rest_route=\/wp\/v2\/posts\/6023\/revisions\/6024"}],"wp:attachment":[{"href":"http:\/\/rurallascolonias.com.ar\/index.php?rest_route=%2Fwp%2Fv2%2Fmedia&parent=6023"}],"wp:term":[{"taxonomy":"category","embeddable":true,"href":"http:\/\/rurallascolonias.com.ar\/index.php?rest_route=%2Fwp%2Fv2%2Fcategories&post=6023"},{"taxonomy":"post_tag","embeddable":true,"href":"http:\/\/rurallascolonias.com.ar\/index.php?rest_route=%2Fwp%2Fv2%2Ftags&post=6023"}],"curies":[{"name":"wp","href":"https:\/\/api.w.org\/{rel}","templated":true}]}}