{"id":6019,"date":"2015-03-11T13:47:42","date_gmt":"2015-03-11T13:47:42","guid":{"rendered":"http:\/\/rurallascolonias.com.ar\/?p=6019"},"modified":"2015-03-12T18:52:00","modified_gmt":"2015-03-12T18:52:00","slug":"la-mesa-provincial-de-la-lecheria-de-santa-fe-estimo-perdidas","status":"publish","type":"post","link":"http:\/\/rurallascolonias.com.ar\/?p=6019","title":{"rendered":"La Mesa Provincial de la Lecher\u00eda de Santa Fe estim\u00f3 p\u00e9rdidas"},"content":{"rendered":"<p><strong><em><a href=\"http:\/\/rurallascolonias.com.ar\/wp-content\/uploads\/2014\/01\/lecher\u00eda-8.jpg\"><img loading=\"lazy\" class=\"aligncenter size-full wp-image-1106\" src=\"http:\/\/rurallascolonias.com.ar\/wp-content\/uploads\/2014\/01\/lecher\u00eda-8.jpg\" alt=\"lecher\u00eda 8\" width=\"303\" height=\"166\" srcset=\"http:\/\/rurallascolonias.com.ar\/wp-content\/uploads\/2014\/01\/lecher\u00eda-8.jpg 303w, http:\/\/rurallascolonias.com.ar\/wp-content\/uploads\/2014\/01\/lecher\u00eda-8-300x164.jpg 300w\" sizes=\"(max-width: 303px) 100vw, 303px\" \/><\/a><span style=\"font-weight: normal; font-style: normal; color: #333333;\">De entre un 20% y un 40% para los tamberos<\/span><\/em><\/strong><\/p>\n<p><span style=\"color: #333333;\">La Mesa Provincial de la Lecher\u00eda de Santa Fe estim\u00f3 ayer p\u00e9rdidas de entre un 20% y un 40% para los tamberos como consecuencia de las precipitaciones registradas en las \u00faltimas dos semanas. A trav\u00e9s de un comunicado, la Mesa, encabezada por el ministro de la Producci\u00f3n de Santa Fe, Carlos Fascendini, indic\u00f3 como una de las principales causas \u00abla falta de pasturas, resultado de la saturaci\u00f3n de agua en los campos\u00bb. Se inform\u00f3 que \u00abante esta situaci\u00f3n, el Ministerio de la Producci\u00f3n pondr\u00e1 a disposici\u00f3n el encierro para ganado ubicado en la localidad de San Crist\u00f3bal, evaluando como una posibilidad la de centralizar, por el momento, el registro de aquellos campos que tengan la capacidad de recibir hacienda\u00bb.<\/span><\/p>\n","protected":false},"excerpt":{"rendered":"<p>De entre un 20% y un 40% para los tamberos La Mesa Provincial de la Lecher\u00eda de Santa Fe estim\u00f3 ayer p\u00e9rdidas de entre un 20% y un 40% para los tamberos como consecuencia de las precipitaciones registradas en las \u00faltimas dos semanas. A trav\u00e9s de un comunicado, la Mesa, encabezada por el ministro de [&hellip;]<\/p>\n","protected":false},"author":5,"featured_media":0,"comment_status":"open","ping_status":"open","sticky":false,"template":"","format":"standard","meta":[],"categories":[46],"tags":[1893,169],"_links":{"self":[{"href":"http:\/\/rurallascolonias.com.ar\/index.php?rest_route=\/wp\/v2\/posts\/6019"}],"collection":[{"href":"http:\/\/rurallascolonias.com.ar\/index.php?rest_route=\/wp\/v2\/posts"}],"about":[{"href":"http:\/\/rurallascolonias.com.ar\/index.php?rest_route=\/wp\/v2\/types\/post"}],"author":[{"embeddable":true,"href":"http:\/\/rurallascolonias.com.ar\/index.php?rest_route=\/wp\/v2\/users\/5"}],"replies":[{"embeddable":true,"href":"http:\/\/rurallascolonias.com.ar\/index.php?rest_route=%2Fwp%2Fv2%2Fcomments&post=6019"}],"version-history":[{"count":3,"href":"http:\/\/rurallascolonias.com.ar\/index.php?rest_route=\/wp\/v2\/posts\/6019\/revisions"}],"predecessor-version":[{"id":6034,"href":"http:\/\/rurallascolonias.com.ar\/index.php?rest_route=\/wp\/v2\/posts\/6019\/revisions\/6034"}],"wp:attachment":[{"href":"http:\/\/rurallascolonias.com.ar\/index.php?rest_route=%2Fwp%2Fv2%2Fmedia&parent=6019"}],"wp:term":[{"taxonomy":"category","embeddable":true,"href":"http:\/\/rurallascolonias.com.ar\/index.php?rest_route=%2Fwp%2Fv2%2Fcategories&post=6019"},{"taxonomy":"post_tag","embeddable":true,"href":"http:\/\/rurallascolonias.com.ar\/index.php?rest_route=%2Fwp%2Fv2%2Ftags&post=6019"}],"curies":[{"name":"wp","href":"https:\/\/api.w.org\/{rel}","templated":true}]}}