{"id":6016,"date":"2015-03-11T13:42:37","date_gmt":"2015-03-11T13:42:37","guid":{"rendered":"http:\/\/rurallascolonias.com.ar\/?p=6016"},"modified":"2015-03-11T13:42:37","modified_gmt":"2015-03-11T13:42:37","slug":"bonfatti-pidio-a-la-nacion-un-adelanto-de-310-millones","status":"publish","type":"post","link":"http:\/\/rurallascolonias.com.ar\/?p=6016","title":{"rendered":"Bonfatti pidi\u00f3 a la Naci\u00f3n un adelanto de 310 millones"},"content":{"rendered":"<p><strong><em><a href=\"http:\/\/rurallascolonias.com.ar\/wp-content\/uploads\/2015\/03\/bonfatti.jpg\"><img loading=\"lazy\" class=\"aligncenter size-full wp-image-6017\" src=\"http:\/\/rurallascolonias.com.ar\/wp-content\/uploads\/2015\/03\/bonfatti.jpg\" alt=\"bonfatti\" width=\"233\" height=\"193\" \/><\/a><span style=\"font-weight: normal; font-style: normal; color: #50505a;\">ENCUENTRO CON AN\u00cdBAL FERN\u00c1NDEZ Y RANDAZZO<\/span><\/em><\/strong><\/p>\n<p><span style=\"color: #50505a;\">El gobernador Antonio Bonfatti mantuvo reuniones hoy en la Casa Rosada con el jefe de Gabinete, An\u00edbal Fern\u00e1ndez, por un lado; y con el ministro del Interior y Transporte, Florencio Randazzo, por otro. El objetivo de las mismas era tratar, entre otros temas, lo relacionado a la emergencia h\u00eddrica que vive la provincia de Santa Fe.<\/span><!--more--><\/p>\n<p><br style=\"color: #50505a;\" \/><br style=\"color: #50505a;\" \/><span style=\"color: #50505a;\">Tras los encuentros, el gobernador se\u00f1al\u00f3 que \u201cen primer lugar abordamos con el ministro del Interior la situaci\u00f3n generada por las inclemencias clim\u00e1ticas que padeci\u00f3 la provincia de Santa Fe, cuando en 7 d\u00edas llovi\u00f3 pr\u00e1cticamente la mitad de lo que suele llover en un a\u00f1o. Hay 17 comunas y municipios con distintas complicaciones y nosotros hemos pedido al gobierno nacional una ayuda para ellos\u201d.<\/span><br style=\"color: #50505a;\" \/><br style=\"color: #50505a;\" \/><span style=\"color: #50505a;\">Puntualmente, Bonfatti plante\u00f3 a Randazzo \u201cla posibilidad de recibir un Aporte del Tesoro Nacional (ATN). Tenemos el compromiso del gobierno nacional y estamos haciendo una evaluaci\u00f3n de los da\u00f1os para establecer el monto de recursos necesarios que llegar\u00e1 en forma directa a los municipios y comunas que han tenido que afrontar situaciones complejas. Desde el gobierno provincial ya estamos haciendo nuestros aportes a trav\u00e9s de los distintos ministerios\u201d, a\u00f1adi\u00f3.<\/span><br style=\"color: #50505a;\" \/><br style=\"color: #50505a;\" \/><span style=\"color: #50505a;\">Bonfatti tambi\u00e9n detall\u00f3 al jefe de Gabinete \u201cla situaci\u00f3n que viven los predios rurales y el estado de las rutas y puentes, que han quedado muy deteriorados. Con respecto a este punto, presentamos una carpeta con proyectos de reparaci\u00f3n integral de rutas y puentes por 310 millones de pesos. No estamos pidiendo que nos regalen los recursos, sino simplemente una especie de adelanto de coparticipaci\u00f3n para devolver en un tiempo prudente\u201d, especific\u00f3 el gobernador.<\/span><br style=\"color: #50505a;\" \/><br style=\"color: #50505a;\" \/><span style=\"color: #50505a;\">Fuente: lt10digital<\/span><\/p>\n","protected":false},"excerpt":{"rendered":"<p>ENCUENTRO CON AN\u00cdBAL FERN\u00c1NDEZ Y RANDAZZO El gobernador Antonio Bonfatti mantuvo reuniones hoy en la Casa Rosada con el jefe de Gabinete, An\u00edbal Fern\u00e1ndez, por un lado; y con el ministro del Interior y Transporte, Florencio Randazzo, por otro. El objetivo de las mismas era tratar, entre otros temas, lo relacionado a la emergencia h\u00eddrica [&hellip;]<\/p>\n","protected":false},"author":5,"featured_media":0,"comment_status":"open","ping_status":"open","sticky":false,"template":"","format":"standard","meta":[],"categories":[42,33],"tags":[118,985,264],"_links":{"self":[{"href":"http:\/\/rurallascolonias.com.ar\/index.php?rest_route=\/wp\/v2\/posts\/6016"}],"collection":[{"href":"http:\/\/rurallascolonias.com.ar\/index.php?rest_route=\/wp\/v2\/posts"}],"about":[{"href":"http:\/\/rurallascolonias.com.ar\/index.php?rest_route=\/wp\/v2\/types\/post"}],"author":[{"embeddable":true,"href":"http:\/\/rurallascolonias.com.ar\/index.php?rest_route=\/wp\/v2\/users\/5"}],"replies":[{"embeddable":true,"href":"http:\/\/rurallascolonias.com.ar\/index.php?rest_route=%2Fwp%2Fv2%2Fcomments&post=6016"}],"version-history":[{"count":1,"href":"http:\/\/rurallascolonias.com.ar\/index.php?rest_route=\/wp\/v2\/posts\/6016\/revisions"}],"predecessor-version":[{"id":6018,"href":"http:\/\/rurallascolonias.com.ar\/index.php?rest_route=\/wp\/v2\/posts\/6016\/revisions\/6018"}],"wp:attachment":[{"href":"http:\/\/rurallascolonias.com.ar\/index.php?rest_route=%2Fwp%2Fv2%2Fmedia&parent=6016"}],"wp:term":[{"taxonomy":"category","embeddable":true,"href":"http:\/\/rurallascolonias.com.ar\/index.php?rest_route=%2Fwp%2Fv2%2Fcategories&post=6016"},{"taxonomy":"post_tag","embeddable":true,"href":"http:\/\/rurallascolonias.com.ar\/index.php?rest_route=%2Fwp%2Fv2%2Ftags&post=6016"}],"curies":[{"name":"wp","href":"https:\/\/api.w.org\/{rel}","templated":true}]}}