{"id":6014,"date":"2015-03-11T13:32:59","date_gmt":"2015-03-11T13:32:59","guid":{"rendered":"http:\/\/rurallascolonias.com.ar\/?p=6014"},"modified":"2015-03-11T13:32:59","modified_gmt":"2015-03-11T13:32:59","slug":"a-siete-anos-de-la-125-poco-cambio-entre-el-gobierno-y-el-campo","status":"publish","type":"post","link":"http:\/\/rurallascolonias.com.ar\/?p=6014","title":{"rendered":"A siete a\u00f1os de \u00abla 125\u00bb, poco cambi\u00f3 entre el Gobierno y el campo"},"content":{"rendered":"<h3 style=\"font-weight: lighter; color: #666666;\"><a href=\"http:\/\/rurallascolonias.com.ar\/wp-content\/uploads\/2014\/07\/125.jpg\"><img loading=\"lazy\" class=\"aligncenter size-full wp-image-3296\" src=\"http:\/\/rurallascolonias.com.ar\/wp-content\/uploads\/2014\/07\/125.jpg\" alt=\"125\" width=\"279\" height=\"181\" \/><\/a>A siete a\u00f1os de la implementaci\u00f3n de la Resoluci\u00f3n 125, que instaur\u00f3 por cuatro meses las retenciones m\u00f3viles, el campo inicia otra medida de fuerza contra la pol\u00edtica oficial&#8230;<\/h3>\n<p><!--more--><\/p>\n<p>Aquel largo conflicto fue el puntapi\u00e9 de una etapa de confrontaci\u00f3n general que s\u00f3lo fue en ascenso.<\/p>\n<p>Hoy, otra mesa de enlace, esta vez sin la conducci\u00f3n de la Federaci\u00f3n Agraria, completa un paro comercial, con otros disparadores pero la misma causa: protestar contra la pol\u00edtica oficial hacia el campo que, seg\u00fan repiten en el sector, presiona con impuestos, abandona con infraestructura y discrimina con restricciones comerciales.<\/p>\n<p>El enfrentamiento por la 125 dej\u00f3 vencedores y vencidos, aunque ninguno definitivo en esta Argentina que nuevamente se encamina hacia un proceso eleccionario.<\/p>\n<p>La presidenta dejar\u00e1 su cargo y debe ungir a un postulante para continuar su modelo; Julio Cobos es precandidato presidencial; Mart\u00edn Lousteau compite por ser jefe de Gobierno porte\u00f1o; Eduardo Buzzi aspira a la gobernaci\u00f3n de Santa Fe; Alfredo de \u00c1ngeli es senador nacional por el PRO; Hugo Moyano es el l\u00edder sindical de mayor peso enfrentado con el Gobierno y Carlos Garetto es asesor de Sergio Massa. Todo esto ocurre a siete a\u00f1os del arranque del enfrentamiento que, sin destruir el liderazgo kirchnerista, le hizo mella y logr\u00f3 reposicionar a la dirigencia rural.<\/p>\n<p>Cuando Mart\u00edn Lousteau anunci\u00f3 la imposici\u00f3n de las retenciones m\u00f3viles, la soja rondaba los u$s 520 por tonelada, unos u$s 160 por encima de la cotizaci\u00f3n de ayer. El impuesto a la exportaci\u00f3n de la oleaginosa pas\u00f3 autom\u00e1ticamente de 35% a 44%, donde se ubic\u00f3 puntos m\u00e1s, puntos menos hasta que el voto \u00abno positivo\u00bb de Julio Cobos ech\u00f3 por tierra la medida, despu\u00e9s de su paso por el Congreso, a donde la presidenta envi\u00f3 la norma convertida en proyecto, tras un trimestre de enfrentamientos y desgaste.<\/p>\n<p>Los reclamos del campo fueron m\u00e1s all\u00e1 de las retenciones y apuntaron a los frenos a la comercializaci\u00f3n de cereales y carnes impuestos en 2006, que recrudecieron durante el conflicto; a las distorsiones de costos de producci\u00f3n y precios de venta que, con el avance de la inflaci\u00f3n empeoraron e inclusive, a la situaci\u00f3n de desamparo de los peque\u00f1os productores, m\u00e1s directamente representados por la Federaci\u00f3n Agraria cuya conducci\u00f3n hoy no va al paro, pero que encauz\u00f3 tambi\u00e9n incansables protestas.<\/p>\n<p>Siete a\u00f1os despu\u00e9s, nadie dio el brazo a torcer. Tampoco se interrumpi\u00f3 un gobierno democr\u00e1tico. Pero no se encontr\u00f3 el di\u00e1logo eficaz entre el Gobierno y un sector claves de la econom\u00eda argentina.<\/p>\n<p>Fuente: El Cronista<\/p>\n","protected":false},"excerpt":{"rendered":"<p>A siete a\u00f1os de la implementaci\u00f3n de la Resoluci\u00f3n 125, que instaur\u00f3 por cuatro meses las retenciones m\u00f3viles, el campo inicia otra medida de fuerza contra la pol\u00edtica oficial&#8230;<\/p>\n","protected":false},"author":5,"featured_media":0,"comment_status":"open","ping_status":"open","sticky":false,"template":"","format":"standard","meta":[],"categories":[42],"tags":[1207],"_links":{"self":[{"href":"http:\/\/rurallascolonias.com.ar\/index.php?rest_route=\/wp\/v2\/posts\/6014"}],"collection":[{"href":"http:\/\/rurallascolonias.com.ar\/index.php?rest_route=\/wp\/v2\/posts"}],"about":[{"href":"http:\/\/rurallascolonias.com.ar\/index.php?rest_route=\/wp\/v2\/types\/post"}],"author":[{"embeddable":true,"href":"http:\/\/rurallascolonias.com.ar\/index.php?rest_route=\/wp\/v2\/users\/5"}],"replies":[{"embeddable":true,"href":"http:\/\/rurallascolonias.com.ar\/index.php?rest_route=%2Fwp%2Fv2%2Fcomments&post=6014"}],"version-history":[{"count":1,"href":"http:\/\/rurallascolonias.com.ar\/index.php?rest_route=\/wp\/v2\/posts\/6014\/revisions"}],"predecessor-version":[{"id":6015,"href":"http:\/\/rurallascolonias.com.ar\/index.php?rest_route=\/wp\/v2\/posts\/6014\/revisions\/6015"}],"wp:attachment":[{"href":"http:\/\/rurallascolonias.com.ar\/index.php?rest_route=%2Fwp%2Fv2%2Fmedia&parent=6014"}],"wp:term":[{"taxonomy":"category","embeddable":true,"href":"http:\/\/rurallascolonias.com.ar\/index.php?rest_route=%2Fwp%2Fv2%2Fcategories&post=6014"},{"taxonomy":"post_tag","embeddable":true,"href":"http:\/\/rurallascolonias.com.ar\/index.php?rest_route=%2Fwp%2Fv2%2Ftags&post=6014"}],"curies":[{"name":"wp","href":"https:\/\/api.w.org\/{rel}","templated":true}]}}