{"id":5995,"date":"2015-03-10T18:53:00","date_gmt":"2015-03-10T18:53:00","guid":{"rendered":"http:\/\/rurallascolonias.com.ar\/?p=5995"},"modified":"2015-03-10T18:53:00","modified_gmt":"2015-03-10T18:53:00","slug":"antonio-bonfatti-estara-hoy-en-la-rosada-por-ayuda-para-los-inundados","status":"publish","type":"post","link":"http:\/\/rurallascolonias.com.ar\/?p=5995","title":{"rendered":"Antonio Bonfatti estar\u00e1 hoy en la Rosada por ayuda para los inundados"},"content":{"rendered":"<p><a href=\"http:\/\/rurallascolonias.com.ar\/wp-content\/uploads\/2014\/03\/BONFATTI-2.jpg\"><img loading=\"lazy\" class=\"aligncenter size-full wp-image-1708\" src=\"http:\/\/rurallascolonias.com.ar\/wp-content\/uploads\/2014\/03\/BONFATTI-2.jpg\" alt=\"BONFATTI 2\" width=\"276\" height=\"183\" \/><\/a>Encuentro importante<\/p>\n<p id=\"copete\" class=\"bold pl5\">Se reunir\u00e1 esta tarde con el jefe de Gabinete, An\u00edbal Fern\u00e1ndez, y el ministro del Interior, Florencio Randazzo. Previamente se reunir\u00e1 con las autoridades de la Asociaci\u00f3n del F\u00fatbol Argentino.<!--more--><\/p>\n<p><!--\n\n\n<div id=\"tiempoLectura\" align=\"right\">Tiempo de lectura: <b>1:18<\/b><\/div>\n\n\n--><\/p>\n<div class=\"clearfix\"><!--\n\n\n<div id=\"bannerMediano\">\n\n\n<table cellpadding=\"0\" cellspacing=\"0\" border=\"0\">\n\n\n<tr>\n\n\n<td><\/td>\n\n\n\n\n<td><img loading=\"lazy\" src=\"..\/global\/img\/1x1.gif\" alt=\"\" width=\"10\" height=\"1\" border=\"0\"><\/td>\n\n\n\n\n<td><\/td>\n\n\n<\/tr>\n\n\n<\/table>\n\n\n<\/div>\n\n\n--><\/p>\n<div class=\"left extras-nota\"><\/div>\n<div id=\"desarrollo\">\u00a0El gobernador Antonio Bonfatti ser\u00e1 recibido esta tarde en Casa de Gobierno por el Jefe de Gabinete, An\u00edbal Fern\u00e1ndez, y posteriormente por el ministro del Interior, Florencio Randazzo con el fin de tratar distintos temas relacionados con la emergencia h\u00eddrica que vive la provincia de Santa Fe.<\/p>\n<p>Seg\u00fan informaron allegados, el gobernador insistir\u00e1 con sus reclamos por las obras de infraestructura, fundamentalmente viales, que la provincia necesita y sobre la situacion que atraviesa el sector productivo luego de las intensas lluvias<\/p><\/div>\n<div><\/div>\n<div>Autor: &#8212;\u00a0|\u00a0 Fuente: El Litoral<\/div>\n<\/div>\n","protected":false},"excerpt":{"rendered":"<p>Encuentro importante Se reunir\u00e1 esta tarde con el jefe de Gabinete, An\u00edbal Fern\u00e1ndez, y el ministro del Interior, Florencio Randazzo. Previamente se reunir\u00e1 con las autoridades de la Asociaci\u00f3n del F\u00fatbol Argentino.<\/p>\n","protected":false},"author":5,"featured_media":0,"comment_status":"open","ping_status":"open","sticky":false,"template":"","format":"standard","meta":[],"categories":[42],"tags":[118,684,1073],"_links":{"self":[{"href":"http:\/\/rurallascolonias.com.ar\/index.php?rest_route=\/wp\/v2\/posts\/5995"}],"collection":[{"href":"http:\/\/rurallascolonias.com.ar\/index.php?rest_route=\/wp\/v2\/posts"}],"about":[{"href":"http:\/\/rurallascolonias.com.ar\/index.php?rest_route=\/wp\/v2\/types\/post"}],"author":[{"embeddable":true,"href":"http:\/\/rurallascolonias.com.ar\/index.php?rest_route=\/wp\/v2\/users\/5"}],"replies":[{"embeddable":true,"href":"http:\/\/rurallascolonias.com.ar\/index.php?rest_route=%2Fwp%2Fv2%2Fcomments&post=5995"}],"version-history":[{"count":1,"href":"http:\/\/rurallascolonias.com.ar\/index.php?rest_route=\/wp\/v2\/posts\/5995\/revisions"}],"predecessor-version":[{"id":5996,"href":"http:\/\/rurallascolonias.com.ar\/index.php?rest_route=\/wp\/v2\/posts\/5995\/revisions\/5996"}],"wp:attachment":[{"href":"http:\/\/rurallascolonias.com.ar\/index.php?rest_route=%2Fwp%2Fv2%2Fmedia&parent=5995"}],"wp:term":[{"taxonomy":"category","embeddable":true,"href":"http:\/\/rurallascolonias.com.ar\/index.php?rest_route=%2Fwp%2Fv2%2Fcategories&post=5995"},{"taxonomy":"post_tag","embeddable":true,"href":"http:\/\/rurallascolonias.com.ar\/index.php?rest_route=%2Fwp%2Fv2%2Ftags&post=5995"}],"curies":[{"name":"wp","href":"https:\/\/api.w.org\/{rel}","templated":true}]}}