{"id":598,"date":"2013-12-21T17:18:09","date_gmt":"2013-12-21T17:18:09","guid":{"rendered":"http:\/\/rurallascolonias.com.ar\/?p=598"},"modified":"2013-12-21T17:27:08","modified_gmt":"2013-12-21T17:27:08","slug":"pronostico-del-tiempo-3","status":"publish","type":"post","link":"http:\/\/rurallascolonias.com.ar\/?p=598","title":{"rendered":"PRON\u00d3STICO DEL TIEMPO"},"content":{"rendered":"<p style=\"text-align: center;\"><strong><em><a href=\"http:\/\/rurallascolonias.com.ar\/wp-content\/uploads\/2013\/12\/gr\u00e1fico-2.png\"><img loading=\"lazy\" class=\"aligncenter  wp-image-600\" alt=\"gr\u00e1fico 2\" src=\"http:\/\/rurallascolonias.com.ar\/wp-content\/uploads\/2013\/12\/gr\u00e1fico-2.png\" width=\"234\" height=\"325\" srcset=\"http:\/\/rurallascolonias.com.ar\/wp-content\/uploads\/2013\/12\/gr\u00e1fico-2.png 650w, http:\/\/rurallascolonias.com.ar\/wp-content\/uploads\/2013\/12\/gr\u00e1fico-2-215x300.png 215w, http:\/\/rurallascolonias.com.ar\/wp-content\/uploads\/2013\/12\/gr\u00e1fico-2-600x833.png 600w, http:\/\/rurallascolonias.com.ar\/wp-content\/uploads\/2013\/12\/gr\u00e1fico-2-624x866.png 624w\" sizes=\"(max-width: 234px) 100vw, 234px\" \/><\/a>A continuaci\u00f3n se detalla el pron\u00f3stico del tiempo para el d\u00eda domingo 22 de diciembre<!--more--><\/em><\/strong><\/p>\n<p><strong><span style=\"text-decoration: underline;\">Precipitaci\u00f3n y temperatura:<\/span><\/strong><\/p>\n<p style=\"text-align: center;\"><a href=\"http:\/\/rurallascolonias.com.ar\/wp-content\/uploads\/2013\/12\/gr\u00e1fico.png\"><img loading=\"lazy\" class=\"aligncenter  wp-image-599\" alt=\"gr\u00e1fico\" src=\"http:\/\/rurallascolonias.com.ar\/wp-content\/uploads\/2013\/12\/gr\u00e1fico.png\" width=\"234\" height=\"325\" srcset=\"http:\/\/rurallascolonias.com.ar\/wp-content\/uploads\/2013\/12\/gr\u00e1fico.png 650w, http:\/\/rurallascolonias.com.ar\/wp-content\/uploads\/2013\/12\/gr\u00e1fico-215x300.png 215w, http:\/\/rurallascolonias.com.ar\/wp-content\/uploads\/2013\/12\/gr\u00e1fico-600x833.png 600w, http:\/\/rurallascolonias.com.ar\/wp-content\/uploads\/2013\/12\/gr\u00e1fico-624x866.png 624w\" sizes=\"(max-width: 234px) 100vw, 234px\" \/><\/a><\/p>\n<p style=\"text-align: center;\"><a href=\"http:\/\/rurallascolonias.com.ar\/wp-content\/uploads\/2013\/12\/gr\u00e1fico-2.png\"><img loading=\"lazy\" class=\"aligncenter  wp-image-600\" alt=\"gr\u00e1fico 2\" src=\"http:\/\/rurallascolonias.com.ar\/wp-content\/uploads\/2013\/12\/gr\u00e1fico-2.png\" width=\"234\" height=\"325\" srcset=\"http:\/\/rurallascolonias.com.ar\/wp-content\/uploads\/2013\/12\/gr\u00e1fico-2.png 650w, http:\/\/rurallascolonias.com.ar\/wp-content\/uploads\/2013\/12\/gr\u00e1fico-2-215x300.png 215w, http:\/\/rurallascolonias.com.ar\/wp-content\/uploads\/2013\/12\/gr\u00e1fico-2-600x833.png 600w, http:\/\/rurallascolonias.com.ar\/wp-content\/uploads\/2013\/12\/gr\u00e1fico-2-624x866.png 624w\" sizes=\"(max-width: 234px) 100vw, 234px\" \/><\/a><\/p>\n<p style=\"text-align: left;\">Continuar\u00eda el tiempo caluroso con ascenso de las temperaturas sobre la mayor parte del centro y norte del pa\u00eds. Habr\u00eda algunas tormentas aisladas sobre NOA. Un sistema de mal tiempo afectar\u00eda las provincias de Cuyo, C\u00f3rdoba, La Pampa (oeste) y Buenos Aires (sudoestes) con algunas lluvias y tormentas de variada intensidad. La regi\u00f3n patag\u00f3nica presentar\u00eda poca nubosidad con leve ascenso de las temperaturas; s\u00f3lo se registrar\u00edan algunas precipitaciones sobre su extremo sur.<\/p>\n<p style=\"text-align: left;\">Fuente: Agritotal<\/p>\n","protected":false},"excerpt":{"rendered":"<p>A continuaci\u00f3n se detalla el pron\u00f3stico del tiempo para el d\u00eda domingo 22 de diciembre<\/p>\n","protected":false},"author":5,"featured_media":0,"comment_status":"closed","ping_status":"closed","sticky":false,"template":"","format":"standard","meta":[],"categories":[40],"tags":[91,228,41,20],"_links":{"self":[{"href":"http:\/\/rurallascolonias.com.ar\/index.php?rest_route=\/wp\/v2\/posts\/598"}],"collection":[{"href":"http:\/\/rurallascolonias.com.ar\/index.php?rest_route=\/wp\/v2\/posts"}],"about":[{"href":"http:\/\/rurallascolonias.com.ar\/index.php?rest_route=\/wp\/v2\/types\/post"}],"author":[{"embeddable":true,"href":"http:\/\/rurallascolonias.com.ar\/index.php?rest_route=\/wp\/v2\/users\/5"}],"replies":[{"embeddable":true,"href":"http:\/\/rurallascolonias.com.ar\/index.php?rest_route=%2Fwp%2Fv2%2Fcomments&post=598"}],"version-history":[{"count":3,"href":"http:\/\/rurallascolonias.com.ar\/index.php?rest_route=\/wp\/v2\/posts\/598\/revisions"}],"predecessor-version":[{"id":606,"href":"http:\/\/rurallascolonias.com.ar\/index.php?rest_route=\/wp\/v2\/posts\/598\/revisions\/606"}],"wp:attachment":[{"href":"http:\/\/rurallascolonias.com.ar\/index.php?rest_route=%2Fwp%2Fv2%2Fmedia&parent=598"}],"wp:term":[{"taxonomy":"category","embeddable":true,"href":"http:\/\/rurallascolonias.com.ar\/index.php?rest_route=%2Fwp%2Fv2%2Fcategories&post=598"},{"taxonomy":"post_tag","embeddable":true,"href":"http:\/\/rurallascolonias.com.ar\/index.php?rest_route=%2Fwp%2Fv2%2Ftags&post=598"}],"curies":[{"name":"wp","href":"https:\/\/api.w.org\/{rel}","templated":true}]}}