{"id":5977,"date":"2015-03-08T17:09:39","date_gmt":"2015-03-08T17:09:39","guid":{"rendered":"http:\/\/rurallascolonias.com.ar\/?p=5977"},"modified":"2015-03-09T17:13:51","modified_gmt":"2015-03-09T17:13:51","slug":"sintesis-de-la-reunion-de-la-comision-de-emergencia-agropecuaria","status":"publish","type":"post","link":"http:\/\/rurallascolonias.com.ar\/?p=5977","title":{"rendered":"SINTESIS DE LA REUNION DE LA COMISION DE EMERGENCIA AGROPECUARIA"},"content":{"rendered":"<p><span style=\"font-family: Tahoma; font-size: 14pt;\"><a href=\"http:\/\/rurallascolonias.com.ar\/wp-content\/uploads\/2014\/10\/logo-sociedad-rural-de-las-colonias.png\"><img loading=\"lazy\" class=\"alignleft size-full wp-image-4468\" src=\"http:\/\/rurallascolonias.com.ar\/wp-content\/uploads\/2014\/10\/logo-sociedad-rural-de-las-colonias.png\" alt=\"logo sociedad rural de las colonias\" width=\"240\" height=\"180\" \/><\/a>Se llev\u00f3 a cabo esta ma\u00f1ana una nueva reuni\u00f3n de la Comisi\u00f3n Provincial de Emergencia Agropecuaria, encuentro convocado con el fin de abordar la situaci\u00f3n especial que atraviesan las \u00e1reas productivas de distintos distritos de la provincia, ante las inclemencias clim\u00e1ticas de p\u00fablico conocimiento. <\/span><\/p>\n<p>Desde la Sociedad Rural de Las Colonias,\u00a0 se ayudar\u00e1 a los productores del distrito y o departamento a confeccionar las declaraciones correspondientes, a partir del pr\u00f3ximo\u00a0lunes.<\/p>\n","protected":false},"excerpt":{"rendered":"<p>Se llev\u00f3 a cabo esta ma\u00f1ana una nueva reuni\u00f3n de la Comisi\u00f3n Provincial de Emergencia Agropecuaria, encuentro convocado con el fin de abordar la situaci\u00f3n especial que atraviesan las \u00e1reas productivas de distintos distritos de la provincia, ante las inclemencias clim\u00e1ticas de p\u00fablico conocimiento. Desde la Sociedad Rural de Las Colonias,\u00a0 se ayudar\u00e1 a los [&hellip;]<\/p>\n","protected":false},"author":5,"featured_media":0,"comment_status":"open","ping_status":"open","sticky":false,"template":"","format":"standard","meta":[],"categories":[42,29],"tags":[747,74],"_links":{"self":[{"href":"http:\/\/rurallascolonias.com.ar\/index.php?rest_route=\/wp\/v2\/posts\/5977"}],"collection":[{"href":"http:\/\/rurallascolonias.com.ar\/index.php?rest_route=\/wp\/v2\/posts"}],"about":[{"href":"http:\/\/rurallascolonias.com.ar\/index.php?rest_route=\/wp\/v2\/types\/post"}],"author":[{"embeddable":true,"href":"http:\/\/rurallascolonias.com.ar\/index.php?rest_route=\/wp\/v2\/users\/5"}],"replies":[{"embeddable":true,"href":"http:\/\/rurallascolonias.com.ar\/index.php?rest_route=%2Fwp%2Fv2%2Fcomments&post=5977"}],"version-history":[{"count":1,"href":"http:\/\/rurallascolonias.com.ar\/index.php?rest_route=\/wp\/v2\/posts\/5977\/revisions"}],"predecessor-version":[{"id":5978,"href":"http:\/\/rurallascolonias.com.ar\/index.php?rest_route=\/wp\/v2\/posts\/5977\/revisions\/5978"}],"wp:attachment":[{"href":"http:\/\/rurallascolonias.com.ar\/index.php?rest_route=%2Fwp%2Fv2%2Fmedia&parent=5977"}],"wp:term":[{"taxonomy":"category","embeddable":true,"href":"http:\/\/rurallascolonias.com.ar\/index.php?rest_route=%2Fwp%2Fv2%2Fcategories&post=5977"},{"taxonomy":"post_tag","embeddable":true,"href":"http:\/\/rurallascolonias.com.ar\/index.php?rest_route=%2Fwp%2Fv2%2Ftags&post=5977"}],"curies":[{"name":"wp","href":"https:\/\/api.w.org\/{rel}","templated":true}]}}