{"id":5958,"date":"2015-03-09T10:34:07","date_gmt":"2015-03-09T10:34:07","guid":{"rendered":"http:\/\/rurallascolonias.com.ar\/?p=5958"},"modified":"2015-03-09T10:34:07","modified_gmt":"2015-03-09T10:34:07","slug":"bonfatti-pedira-a-la-nacion-que-declare-la-emergencia-hidrica","status":"publish","type":"post","link":"http:\/\/rurallascolonias.com.ar\/?p=5958","title":{"rendered":"Bonfatti pedir\u00e1 a la Naci\u00f3n que declare la emergencia h\u00eddrica"},"content":{"rendered":"<p><a href=\"http:\/\/rurallascolonias.com.ar\/wp-content\/uploads\/2015\/03\/ruta-inundada.jpg\"><img loading=\"lazy\" class=\"aligncenter wp-image-5922 size-medium\" src=\"http:\/\/rurallascolonias.com.ar\/wp-content\/uploads\/2015\/03\/ruta-inundada-300x155.jpg\" alt=\"ruta inundada\" width=\"300\" height=\"155\" srcset=\"http:\/\/rurallascolonias.com.ar\/wp-content\/uploads\/2015\/03\/ruta-inundada-300x155.jpg 300w, http:\/\/rurallascolonias.com.ar\/wp-content\/uploads\/2015\/03\/ruta-inundada-600x310.jpg 600w, http:\/\/rurallascolonias.com.ar\/wp-content\/uploads\/2015\/03\/ruta-inundada-624x322.jpg 624w, http:\/\/rurallascolonias.com.ar\/wp-content\/uploads\/2015\/03\/ruta-inundada.jpg 648w\" sizes=\"(max-width: 300px) 100vw, 300px\" \/><\/a>El gobernador de la provincia, Antonio Bonfatti, viajar\u00e1 este martes a Buenos Aires para pedir al gobierno nacional la declaraci\u00f3n de emergencia h\u00eddrica y ayuda econ\u00f3mica a fin de afrontar las millonarias p\u00e9rdidas que ocasionaron las lluvias. No es para menos. Se estima que el 70 por ciento del territorio santafesino se encuentra en esta situaci\u00f3n, cifra que est\u00e1 plasmada en el borrador de decreto que ma\u00f1ana elevar\u00e1n al mandatario provincial los miembros del comit\u00e9 de emergencia, luego de la reuni\u00f3n de evaluaci\u00f3n que tuvieron este viernes.<!--more--><\/p>\n<p>Mientras tanto, las expectativas que alientan las m\u00e1s de 48 horas sin lluvias en toda la provincia (con la sola excepci\u00f3n de alg\u00fan chaparr\u00f3n en San Crist\u00f3bal el viernes) son cautas. En todos los niveles las autoridades manejan datos que coartan cualquier inclinaci\u00f3n entusiasta: los pron\u00f3sticos vaticinan d\u00edas por venir lluviosos, al menos hasta mayo, aunque quiz\u00e1s no tengan la intensidad excepcional de las lluvias padecidas, que afectaron a 33 mil kil\u00f3metros cuadrados, una superficie mayor, por ejemplo, que toda la provincai de Misiones.<\/p>\n<p>Empero, el perjuicio a\u00fan no se puede cuantificar. En la reuni\u00f3n del viernes no se pudo avanzar en alcanzar una cifra aproximada en da\u00f1os en cultivos, actividad pecuaria, rutas y caminos y en la infraestructura urbana de las muchas ciudades y localidades afectadas. \u201cNo hemos podido salir con los t\u00e9cnicos para evaluar las consecuencias. Reci\u00e9n vamos a evaluar las p\u00e9rdidas no bien podamos acceder, porque para la homologaci\u00f3n a la Naci\u00f3n tenemos que enviar ese informe\u201d revel\u00f3 el secretario del Sistema H\u00eddrico Forestal y Minero de la provincia, Roberto Ti\u00f3n.<\/p>\n<p>En tanto, la Secretar\u00eda de Regiones, Municipios y Comunas convoc\u00f3 a la Comisi\u00f3n de Obras Menores para el martes con el objetivo central de tratar, principalmente, las solicitudes de fondos para atender la cr\u00edtica situaci\u00f3n de distintas localidades. Para ello, hay asignados cerca de 20 millones de pesos.<\/p>\n<p>Lo que llovi\u00f3. Es necesario precisar la magnitud del fen\u00f3meno que afect\u00f3 a la provincia. \u201cEn la noche del martes 24 de febrero llovieron alrededor de 300 mil\u00edmetros en 12 horas y en una superficie equivalente a un cuarto de la provincia\u201d, especific\u00f3 el director de Defensa Civil de la provincia, Marcos Escajadillo. Es decir, llovi\u00f3 sin parar por 12 horas en unos 33 mil kil\u00f3metros cuadrados. \u201cSi se toma como eje la autov\u00eda de la ruta 19 (que une Santo Tom\u00e9 con San Francisco) el rect\u00e1ngulo afectado es entre 150 y 200 kil\u00f3metros hacia el norte y la misma distancia hacia el sur\u201d, complet\u00f3 Ti\u00f3n.<\/p>\n<p>Los sistemas de informes del Servicio Meteorol\u00f3gico Nacional (SMN) y del Instituto Nacional del Agua (INA) sobre las perspectivas clim\u00e1ticas ya advert\u00edan desde hac\u00eda meses que noviembre, diciembre y enero ser\u00edan lluviosos pero sin llegar a predecir semejante magnitud. \u201cEn siete d\u00edas precipitaron 500 mil\u00edmetros cuando la media de lluvia para todo el a\u00f1o en nuestra provincia es de mil\u201d, se\u00f1al\u00f3 Escajadillo.<\/p>\n<p>Si bien en enero en el departamento Vera hubo lluvias por encima de los 200 mil\u00edmetros y se debi\u00f3 asistir a varias familias incluso con un helic\u00f3ptero del Ej\u00e9rcito \u2014que se sum\u00f3 a la estructura de la provincia junto a los bomberos zapadoras y voluntarios de esa zona\u2014 no se esperaba la magnitud que adquirir\u00eda el fen\u00f3meno. Quiz\u00e1s el ejemplo m\u00e1s extremo pero suficientemente expl\u00edcito de la gravedad lo da Ti\u00f3n: \u201cEn el departamento 9 de Julio, zona rural de Villa Minetti, hay 150 familias aisladas porque desde diciembre llovi\u00f3 1.400 mil\u00edmetros. Para asistirlos con alimentos y medicamentos, de usar camionetas 4&#215;4 pasamos a un Unimog, despu\u00e9s a embarcaciones y posteriormente a dos helic\u00f3pteros.<\/p>\n<p>Es que a las rutas inundadas se suceden caminos rurales y vecinales de imposible tr\u00e1nsito e incluso campos anegados en los que no se puede intentar ninguna traves\u00eda dada la inestabilidad de sus suelos.<\/p>\n<p>Por todo ello, la Comisi\u00f3n Provincial de Emergencia Agropecuaria aconsejar\u00e1 ma\u00f1ana a Bonfatti que se declare la emergencia y\/o desastre agropecuario a los departamentos de La Capital, Las Colonias, San Jer\u00f3nimo, y San Mart\u00edn; a toda la actividad hort\u00edcola de los departamentos de Constituci\u00f3n, Rosario y San Lorenzo; al distrito La Chispa del departamento General L\u00f3pez, y a todos los distritos de los departamentos 9 de Julio, Castellanos, San Justo y San Crist\u00f3bal que no hubieren sido comprendidos por el decreto N\u00ba 246. S\u00f3lo los departamentos Caseros, Iriondo y Belgrano est\u00e1n por ahora ajenos al grave panorama.<\/p>\n<p>La situaci\u00f3n, originada por las intensas precipitaciones de las \u00faltimas dos semanas, origin\u00f3 la necesidad de convocar en \u201ccar\u00e1cter de urgencia\u201d la reuni\u00f3n, para \u201campliar la cantidad de localidades afectadas, que se suman a las ya declaradas por el Decreto N 246, de principios de enero\u201d, por el cual \u201cse declar\u00f3 la emergencia para la mitad de la provincia hacia el norte\u201d, explic\u00f3 Ti\u00f3n al t\u00e9rmino del encuentro. Dicho an\u00e1lisis se realiz\u00f3 \u201cen base a informes t\u00e9cnicos de toda la provincia, colaborando tambi\u00e9n el Inta, la Bolsa de Comercio de Rosario y t\u00e9cnicos de ministerio de la Producci\u00f3n, y sus conclusiones instan a declarar la emergencia en el 70 por ciento de la provincia\u201d, seg\u00fan se indic\u00f3.<\/p>\n<p>En alerta. Cada vez que se emite un informe del SMN se activa un protocolo de acci\u00f3n y de alerta que comienza por avisar a los municipios y comunas y se le va dando la evoluci\u00f3n de esa alerta. Es decir, por d\u00f3nde aparece y va ingresando el frente de tormenta que en la provincia suele ser por el sur y el oeste. El radar de Pergamino cubre esa informaci\u00f3n hasta Barrancas y desde ah\u00ed al norte santafesino lo cubre el radar de Paran\u00e1.<\/p>\n<p>\u00abPor estos datos el martes pasado ya est\u00e1bamos en alerta y se inform\u00f3 especialmente a los departamentos del centro \u2014Castellanos, Las Colonias, La Capital, San Jer\u00f3nimo, San Mart\u00edn\u2014 sobre la posibilidad de lluvias fuertes. Los 300 mil\u00edmetros que cayeron en 12 horas hicieron colapsar sistemas de drenaje y alcantarillado en Las Colonias y Santa Fe, y hubo problemas en rutas como la 19, 11, 13, y 20 haciendo necesario instalar m\u00e1s bombas para proteger los casos urbanos que en estos casos es la prioridad\u00bb, dijo Escajadillo. Y record\u00f3 que \u00abllegamos a tener 1.300 evacuados en la provincia, de los cuales unos 700 fueron en ciudad de Santa Fe y zona de influencia. Hoy quedan unos 600\u00bb.<\/p>\n<p>El viernes a las 15, el temible r\u00edo Salado lleg\u00f3 al pico m\u00e1ximo: 6,35. Pero ayer baj\u00f3 a 6,18, con lo cual habla de un descenso progresivo aunque esto hay que tomarlo con prudencia. El SMN y el INA dicen que las perspectivas clim\u00e1ticas \u2014que pueden o no cumplirse porque son pron\u00f3sticos\u2014 hablan de lluvias hasta mayo.<\/p>\n<p>Fuente: lt10digital<\/p>\n","protected":false},"excerpt":{"rendered":"<p>El gobernador de la provincia, Antonio Bonfatti, viajar\u00e1 este martes a Buenos Aires para pedir al gobierno nacional la declaraci\u00f3n de emergencia h\u00eddrica y ayuda econ\u00f3mica a fin de afrontar las millonarias p\u00e9rdidas que ocasionaron las lluvias. No es para menos. Se estima que el 70 por ciento del territorio santafesino se encuentra en esta [&hellip;]<\/p>\n","protected":false},"author":5,"featured_media":0,"comment_status":"open","ping_status":"open","sticky":false,"template":"","format":"standard","meta":[],"categories":[42],"tags":[118,845,1885,523],"_links":{"self":[{"href":"http:\/\/rurallascolonias.com.ar\/index.php?rest_route=\/wp\/v2\/posts\/5958"}],"collection":[{"href":"http:\/\/rurallascolonias.com.ar\/index.php?rest_route=\/wp\/v2\/posts"}],"about":[{"href":"http:\/\/rurallascolonias.com.ar\/index.php?rest_route=\/wp\/v2\/types\/post"}],"author":[{"embeddable":true,"href":"http:\/\/rurallascolonias.com.ar\/index.php?rest_route=\/wp\/v2\/users\/5"}],"replies":[{"embeddable":true,"href":"http:\/\/rurallascolonias.com.ar\/index.php?rest_route=%2Fwp%2Fv2%2Fcomments&post=5958"}],"version-history":[{"count":1,"href":"http:\/\/rurallascolonias.com.ar\/index.php?rest_route=\/wp\/v2\/posts\/5958\/revisions"}],"predecessor-version":[{"id":5959,"href":"http:\/\/rurallascolonias.com.ar\/index.php?rest_route=\/wp\/v2\/posts\/5958\/revisions\/5959"}],"wp:attachment":[{"href":"http:\/\/rurallascolonias.com.ar\/index.php?rest_route=%2Fwp%2Fv2%2Fmedia&parent=5958"}],"wp:term":[{"taxonomy":"category","embeddable":true,"href":"http:\/\/rurallascolonias.com.ar\/index.php?rest_route=%2Fwp%2Fv2%2Fcategories&post=5958"},{"taxonomy":"post_tag","embeddable":true,"href":"http:\/\/rurallascolonias.com.ar\/index.php?rest_route=%2Fwp%2Fv2%2Ftags&post=5958"}],"curies":[{"name":"wp","href":"https:\/\/api.w.org\/{rel}","templated":true}]}}