{"id":5956,"date":"2015-03-09T10:31:03","date_gmt":"2015-03-09T10:31:03","guid":{"rendered":"http:\/\/rurallascolonias.com.ar\/?p=5956"},"modified":"2015-03-09T10:31:03","modified_gmt":"2015-03-09T10:31:03","slug":"hugo-iturraspe-la-situacion-en-los-campos-es-alarmante","status":"publish","type":"post","link":"http:\/\/rurallascolonias.com.ar\/?p=5956","title":{"rendered":"Hugo Iturraspe: \u201cLa situaci\u00f3n en los campos es alarmante\u201d"},"content":{"rendered":"<p><strong><em><a href=\"http:\/\/rurallascolonias.com.ar\/wp-content\/uploads\/2015\/03\/situaci\u00f3n-cr\u00edtica-2.jpg\"><img loading=\"lazy\" class=\"aligncenter wp-image-5937 size-medium\" src=\"http:\/\/rurallascolonias.com.ar\/wp-content\/uploads\/2015\/03\/situaci\u00f3n-cr\u00edtica-2-225x300.jpg\" alt=\"situaci\u00f3n cr\u00edtica 2\" width=\"225\" height=\"300\" srcset=\"http:\/\/rurallascolonias.com.ar\/wp-content\/uploads\/2015\/03\/situaci\u00f3n-cr\u00edtica-2-225x300.jpg 225w, http:\/\/rurallascolonias.com.ar\/wp-content\/uploads\/2015\/03\/situaci\u00f3n-cr\u00edtica-2.jpg 240w\" sizes=\"(max-width: 225px) 100vw, 225px\" \/><\/a>Por las inundaciones\u00a0<\/em><\/strong><\/p>\n<p>Seg\u00fan el dirigente de la Sociedad Rural de Santa Fe, la lecher\u00eda es el sector m\u00e1s perjudicado. \u201cHay muchos productores que est\u00e1n en situaci\u00f3n de quebranto\u201d, remarc\u00f3<\/p>\n<p>&nbsp;<\/p>\n","protected":false},"excerpt":{"rendered":"<p>Por las inundaciones\u00a0 Seg\u00fan el dirigente de la Sociedad Rural de Santa Fe, la lecher\u00eda es el sector m\u00e1s perjudicado. \u201cHay muchos productores que est\u00e1n en situaci\u00f3n de quebranto\u201d, remarc\u00f3 &nbsp;<\/p>\n","protected":false},"author":5,"featured_media":0,"comment_status":"open","ping_status":"open","sticky":false,"template":"","format":"standard","meta":[],"categories":[42],"tags":[1524,523],"_links":{"self":[{"href":"http:\/\/rurallascolonias.com.ar\/index.php?rest_route=\/wp\/v2\/posts\/5956"}],"collection":[{"href":"http:\/\/rurallascolonias.com.ar\/index.php?rest_route=\/wp\/v2\/posts"}],"about":[{"href":"http:\/\/rurallascolonias.com.ar\/index.php?rest_route=\/wp\/v2\/types\/post"}],"author":[{"embeddable":true,"href":"http:\/\/rurallascolonias.com.ar\/index.php?rest_route=\/wp\/v2\/users\/5"}],"replies":[{"embeddable":true,"href":"http:\/\/rurallascolonias.com.ar\/index.php?rest_route=%2Fwp%2Fv2%2Fcomments&post=5956"}],"version-history":[{"count":1,"href":"http:\/\/rurallascolonias.com.ar\/index.php?rest_route=\/wp\/v2\/posts\/5956\/revisions"}],"predecessor-version":[{"id":5957,"href":"http:\/\/rurallascolonias.com.ar\/index.php?rest_route=\/wp\/v2\/posts\/5956\/revisions\/5957"}],"wp:attachment":[{"href":"http:\/\/rurallascolonias.com.ar\/index.php?rest_route=%2Fwp%2Fv2%2Fmedia&parent=5956"}],"wp:term":[{"taxonomy":"category","embeddable":true,"href":"http:\/\/rurallascolonias.com.ar\/index.php?rest_route=%2Fwp%2Fv2%2Fcategories&post=5956"},{"taxonomy":"post_tag","embeddable":true,"href":"http:\/\/rurallascolonias.com.ar\/index.php?rest_route=%2Fwp%2Fv2%2Ftags&post=5956"}],"curies":[{"name":"wp","href":"https:\/\/api.w.org\/{rel}","templated":true}]}}