{"id":5912,"date":"2015-03-04T18:06:50","date_gmt":"2015-03-04T18:06:50","guid":{"rendered":"http:\/\/rurallascolonias.com.ar\/?p=5912"},"modified":"2015-03-04T18:06:50","modified_gmt":"2015-03-04T18:06:50","slug":"tras-la-suspension-de-ayer-hoy-comienza-expoagro-2015","status":"publish","type":"post","link":"http:\/\/rurallascolonias.com.ar\/?p=5912","title":{"rendered":"Tras la suspensi\u00f3n de ayer, hoy comienza Expoagro 2015"},"content":{"rendered":"<p><strong><em><a href=\"http:\/\/rurallascolonias.com.ar\/wp-content\/uploads\/2015\/03\/expoagro-4.png\"><img loading=\"lazy\" class=\"aligncenter size-full wp-image-5913\" src=\"http:\/\/rurallascolonias.com.ar\/wp-content\/uploads\/2015\/03\/expoagro-4.png\" alt=\"expoagro 4\" width=\"337\" height=\"149\" srcset=\"http:\/\/rurallascolonias.com.ar\/wp-content\/uploads\/2015\/03\/expoagro-4.png 337w, http:\/\/rurallascolonias.com.ar\/wp-content\/uploads\/2015\/03\/expoagro-4-300x132.png 300w\" sizes=\"(max-width: 337px) 100vw, 337px\" \/><\/a>Expoagro\u00a0abri\u00f3\u00a0sus puertas a partir de las 8.30 horas<\/em><\/strong><!--more--><\/p>\n<div class=\"fb-like fb_iframe_widget\" data-send=\"false\" data-href=\"http:\/\/www.fyo.com\/noticia\/147626\/suspencion-ayer-hoy-comienza-expoagro-2015\" data-font=\"arial\" data-width=\"90\" data-action=\"like\" data-show_faces=\"false\" data-layout=\"button_count\" data-ref=\".VPbx6iNg5k4.like\">Tras la\u00a0<a href=\"http:\/\/www.lanacion.com.ar\/1772965-expoagro-inauguracion-lluvia\" target=\"_blank\"><span style=\"text-decoration: underline;\"><span style=\"color: #0066cc;\">suspensi\u00f3n por las intensas lluvias<\/span><\/span><\/a>\u00a0ca\u00eddas ayer en Ramallo,\u00a0<strong>Expoagro<\/strong>\u00a0abrir\u00e1 hoy sus puertas a partir de las 8.30. Seg\u00fan informaron los organizadores, la\u00a0<a href=\"http:\/\/www.lanacion.com.ar\/1772671-llega-la-muestra-que-espera-volver-a-despertar-al-campo\" target=\"_blank\"><span style=\"text-decoration: underline;\"><span style=\"color: #0066cc;\">muestra<\/span><\/span><\/a>\u00a0se extender\u00e1 hasta el s\u00e1bado pr\u00f3ximo.<\/div>\n<div class=\"field field-name-body field-type-text-with-summary field-label-hidden\">\n<p>Los 45 mil\u00edmetros registrados en las primeras horas de ayer anegaron los ingresos a la exposici\u00f3n. Despu\u00e9s de un trabajo de drenaje de los accesos y el cese de la lluvia a partir de la ma\u00f1ana, la situaci\u00f3n del establecimiento El Umbral, situado en el kil\u00f3metro 214 de la autopista Rosario-Buenos Aires, mejor\u00f3 durante la jornada.<\/p>\n<p>En la reprogramaci\u00f3n de las actividades se mantendr\u00e1 para hoy el eje tem\u00e1tico de protecci\u00f3n de cultivos, en tanto que el eje \u00abcultivar\u00bb, previsto para ayer, se trasladar\u00e1 al s\u00e1bado, \u00faltimo d\u00eda de la muestra. El corte de cintas con autoridades de la muestra e invitados especiales se realizar\u00e1 ma\u00f1ana, a las 11.<\/p>\n<p>Hasta anoche no se preve\u00eda la visita de dirigentes pol\u00edticos a\u00a0<em>Expoagro<\/em>. Se espera que el presidente de la Sociedad Rural Argentina (SRA), Luis Miguel Etchevehere, recorra hoy la muestra. Para ma\u00f1ana, se aguarda la llegada a Expoagro del candidato a presidente y diputado del Frente Renovador Sergio Massa.<\/p>\n<p>El viernes, en tanto, estar\u00e1 el jefe de gobierno de la ciudad de Buenos Aires y candidato presidencial, Mauricio Macri, con los senadores Alfredo de Angeli (Pro-Entre R\u00edos) y Carlos Reutemann (PJ-Santa Fe).<\/p>\n<p>Entre las actividades m\u00e1s importantes de hoy se destaca la plaza de las buenas pr\u00e1cticas agr\u00edcolas, en la que entidades t\u00e9cnicas y c\u00e1maras industriales de protecci\u00f3n de cultivos y fertilizantes asesorar\u00e1n a productores sobre el manejo sustentable de la agricultura. Tambi\u00e9n el espacio de ganader\u00eda, con conferencias especializadas auspiciadas por el Instituto de Promoci\u00f3n de la Carne Vacuna (Ipcva) mantendr\u00e1 su programaci\u00f3n.<\/p>\n<p>Las muestras din\u00e1micas comenzar\u00e1n a las 11 con equipos de riego, drones para agricultura y extracci\u00f3n y embolsado de granos. A las 14, t\u00e9cnicos del INTA brindar\u00e1n una gu\u00eda para el manejo profesional de las aplicaciones a cultivos.<\/p>\n<p>Un atractivo de Expoagro ser\u00e1n los campeonatos de alambradores y motosierristas, que a partir de hoy tendr\u00e1n que demostrar sus destrezas profesionales en el trabajo del campo. Por la tarde, adem\u00e1s, comenzar\u00e1 el torneo de aplicadores.<\/p>\n<p>En materia de negocios, habr\u00e1 descuentos especiales para la compra de maquinaria agr\u00edcola y combustible, con bonificaciones otorgadas por los fabricantes. Tambi\u00e9n habr\u00e1 una ronda de negocios con expositores extranjeros.<\/p>\n<p>Fuente: La Naci\u00f3n<\/p>\n<\/div>\n","protected":false},"excerpt":{"rendered":"<p>Expoagro\u00a0abri\u00f3\u00a0sus puertas a partir de las 8.30 horas<\/p>\n","protected":false},"author":5,"featured_media":0,"comment_status":"open","ping_status":"open","sticky":false,"template":"","format":"standard","meta":[],"categories":[14],"tags":[1877,679],"_links":{"self":[{"href":"http:\/\/rurallascolonias.com.ar\/index.php?rest_route=\/wp\/v2\/posts\/5912"}],"collection":[{"href":"http:\/\/rurallascolonias.com.ar\/index.php?rest_route=\/wp\/v2\/posts"}],"about":[{"href":"http:\/\/rurallascolonias.com.ar\/index.php?rest_route=\/wp\/v2\/types\/post"}],"author":[{"embeddable":true,"href":"http:\/\/rurallascolonias.com.ar\/index.php?rest_route=\/wp\/v2\/users\/5"}],"replies":[{"embeddable":true,"href":"http:\/\/rurallascolonias.com.ar\/index.php?rest_route=%2Fwp%2Fv2%2Fcomments&post=5912"}],"version-history":[{"count":1,"href":"http:\/\/rurallascolonias.com.ar\/index.php?rest_route=\/wp\/v2\/posts\/5912\/revisions"}],"predecessor-version":[{"id":5914,"href":"http:\/\/rurallascolonias.com.ar\/index.php?rest_route=\/wp\/v2\/posts\/5912\/revisions\/5914"}],"wp:attachment":[{"href":"http:\/\/rurallascolonias.com.ar\/index.php?rest_route=%2Fwp%2Fv2%2Fmedia&parent=5912"}],"wp:term":[{"taxonomy":"category","embeddable":true,"href":"http:\/\/rurallascolonias.com.ar\/index.php?rest_route=%2Fwp%2Fv2%2Fcategories&post=5912"},{"taxonomy":"post_tag","embeddable":true,"href":"http:\/\/rurallascolonias.com.ar\/index.php?rest_route=%2Fwp%2Fv2%2Ftags&post=5912"}],"curies":[{"name":"wp","href":"https:\/\/api.w.org\/{rel}","templated":true}]}}