{"id":5895,"date":"2015-03-03T15:14:08","date_gmt":"2015-03-03T15:14:08","guid":{"rendered":"http:\/\/rurallascolonias.com.ar\/?p=5895"},"modified":"2015-03-03T15:14:08","modified_gmt":"2015-03-03T15:14:08","slug":"por-lluvia-se-suspendio-la-apertura-de-expoagro","status":"publish","type":"post","link":"http:\/\/rurallascolonias.com.ar\/?p=5895","title":{"rendered":"Por lluvia, se suspendi\u00f3 la apertura de Expoagro"},"content":{"rendered":"<p><em><strong><a href=\"http:\/\/rurallascolonias.com.ar\/wp-content\/uploads\/2015\/03\/expoagro-3.png\"><img loading=\"lazy\" class=\"aligncenter size-full wp-image-5881\" src=\"http:\/\/rurallascolonias.com.ar\/wp-content\/uploads\/2015\/03\/expoagro-3.png\" alt=\"expoagro 3\" width=\"284\" height=\"177\" \/><\/a>Debido a que cayeron 45 mil\u00edmetros de agua durante la madrugada del martes<\/strong><\/em><!--more--><\/p>\n<p align=\"justify\">Debido a que cayeron 45 mil\u00edmetros de agua durante la madrugada del martes, las autoridades de la muestra decidieron postergar el inicio de las actividades.<\/p>\n<p align=\"justify\">Por la intensa lluvia registrada el martes a la madrugada en la localidad de Ramallo, las autoridades de Expoagro decidieron suspender por un d\u00eda el inicio de la muestra.<\/p>\n<p align=\"justify\">En las \u00faltima horas cayeron 45 mil\u00edmetros de agua, provocando el anegamiento de accesos y calles internas.<\/p>\n<p align=\"justify\">El comunicado oficial, dado a conocer mediante redes sociales, asegura que \u00abdebido a las fuertes lluvias ocurridas en Ramallo \u2013llovieron 45 mil\u00edmetros en dos horas-, las autoridades de Expoagro decidieron postergar la apertura de la feria para ma\u00f1ana mi\u00e9rcoles, a partir de las 8,30\u00bb.<\/p>\n<p align=\"justify\">\u00abLa organizaci\u00f3n ya est\u00e1 trabajando para acondicionar el predio luego de la fuerte tormenta\u00bb, finaliz\u00f3.<\/p>\n<p align=\"justify\">En tanto, extraoficialmente, se supo que se est\u00e1 estudiando la posibilidad de extender la duraci\u00f3n de la muestra hasta el s\u00e1bado.<\/p>\n<p align=\"justify\">Fuente: Infocampo<\/p>\n","protected":false},"excerpt":{"rendered":"<p>Debido a que cayeron 45 mil\u00edmetros de agua durante la madrugada del martes<\/p>\n","protected":false},"author":5,"featured_media":0,"comment_status":"open","ping_status":"open","sticky":false,"template":"","format":"standard","meta":[],"categories":[14],"tags":[679,1875],"_links":{"self":[{"href":"http:\/\/rurallascolonias.com.ar\/index.php?rest_route=\/wp\/v2\/posts\/5895"}],"collection":[{"href":"http:\/\/rurallascolonias.com.ar\/index.php?rest_route=\/wp\/v2\/posts"}],"about":[{"href":"http:\/\/rurallascolonias.com.ar\/index.php?rest_route=\/wp\/v2\/types\/post"}],"author":[{"embeddable":true,"href":"http:\/\/rurallascolonias.com.ar\/index.php?rest_route=\/wp\/v2\/users\/5"}],"replies":[{"embeddable":true,"href":"http:\/\/rurallascolonias.com.ar\/index.php?rest_route=%2Fwp%2Fv2%2Fcomments&post=5895"}],"version-history":[{"count":1,"href":"http:\/\/rurallascolonias.com.ar\/index.php?rest_route=\/wp\/v2\/posts\/5895\/revisions"}],"predecessor-version":[{"id":5896,"href":"http:\/\/rurallascolonias.com.ar\/index.php?rest_route=\/wp\/v2\/posts\/5895\/revisions\/5896"}],"wp:attachment":[{"href":"http:\/\/rurallascolonias.com.ar\/index.php?rest_route=%2Fwp%2Fv2%2Fmedia&parent=5895"}],"wp:term":[{"taxonomy":"category","embeddable":true,"href":"http:\/\/rurallascolonias.com.ar\/index.php?rest_route=%2Fwp%2Fv2%2Fcategories&post=5895"},{"taxonomy":"post_tag","embeddable":true,"href":"http:\/\/rurallascolonias.com.ar\/index.php?rest_route=%2Fwp%2Fv2%2Ftags&post=5895"}],"curies":[{"name":"wp","href":"https:\/\/api.w.org\/{rel}","templated":true}]}}