{"id":5856,"date":"2015-02-27T17:58:27","date_gmt":"2015-02-27T17:58:27","guid":{"rendered":"http:\/\/rurallascolonias.com.ar\/?p=5856"},"modified":"2015-02-27T17:58:27","modified_gmt":"2015-02-27T17:58:27","slug":"departamentos-afectados-por-anegamiento-en-el-centro-norte-de-santa-fe","status":"publish","type":"post","link":"http:\/\/rurallascolonias.com.ar\/?p=5856","title":{"rendered":"Departamentos afectados por anegamiento en el centro-norte de Santa Fe"},"content":{"rendered":"<p><a href=\"http:\/\/rurallascolonias.com.ar\/wp-content\/uploads\/2015\/02\/anegamientos.png\"><img loading=\"lazy\" class=\"aligncenter size-full wp-image-5857\" src=\"http:\/\/rurallascolonias.com.ar\/wp-content\/uploads\/2015\/02\/anegamientos.png\" alt=\"anegamientos\" width=\"275\" height=\"183\" \/><\/a>Informe de la Bolsa de Comercio de Santa Fe y Ministerio de la Producci\u00f3n sobre el \u201cSistema de Estimaciones Agr\u00edcolas del Centro &#8211; Norte de la Provincia de Santa Fe\u201d<!--more--><\/p>\n<p>El\u00a0 24\u00a0 y\u00a0 25\u00a0 de\u00a0 febrero\u00a0 comenz\u00f3\u00a0 a\u00a0 manifestarse,\u00a0 en\u00a0 los\u00a0 departamentos\u00a0 del centro\u00a0 del\u00a0 \u00e1rea,\u00a0 condiciones\u00a0 de\u00a0 inestabilidad\u00a0 clim\u00e1tica;\u00a0 el\u00a0 avance\u00a0 del\u00a0 frente\u00a0 de tormenta, rel\u00e1mpagos y precipitaciones eran los primeros signos.<\/p>\n<p>Transcurrido el tiempo\u00a0 y\u00a0 con\u00a0 la\u00a0 continuidad\u00a0 del\u00a0 fen\u00f3meno,\u00a0 se\u00a0 modificaban\u00a0 los\u00a0 registros pluviom\u00e9tricos\u00a0 generando\u00a0 inconvenientes\u00a0 de\u00a0 magnitud.\u00a0 El\u00a0 frente\u00a0 de\u00a0 tormenta\u00a0 se desplaz\u00f3\u00a0 del\u00a0 oeste\u00a0 hacia\u00a0 el\u00a0 este,\u00a0 incidiendo\u00a0 mayormente\u00a0 en\u00a0 los\u00a0 departamento Castellanos, Las\u00a0 Colonias, La Capital y Garay, alcanzando registros cercanos a los 400\u00a0 mil\u00edmetros,\u00a0 ejemplo\u00a0 en\u00a0 la\u00a0 localidad\u00a0 de\u00a0 Bauer\u00a0 y\u00a0 Siguel\u00a0 380\u00a0 mm,\u00a0 (dpto. Castellanos). Valores inferiores que fluctuaron entre <strong>100\u00a0 \u2013\u00a0 250 mm<\/strong>. en el resto de los departamentos enunciados.\u00a0 El \u00e1rea de cobertura del\u00a0 evento fue de 1.350.000 ha aproximadamente;\u00a0 con\u00a0 mayor\u00a0 incidencia\u00a0 e\u00a0 impacto\u00a0 en\u00a0 315.000\u00a0 ha aproximadamente,\u00a0 donde\u00a0 los\u00a0 sistemas\u00a0 productivos\u00a0 est\u00e1n\u00a0 afectados\u00a0 en\u00a0 diferentes grados (encharcamiento \u2013\u00a0 anegamiento) de acuerdo a la fisiograf\u00eda y escurrimiento superficial, adem\u00e1s la red vial tambi\u00e9n fue afectada.<\/p>\n<p>El volumen de agua con escurrimiento superficial, con direcci\u00f3n oeste \u2013 este, en la cuenca media baja del r\u00edo Salado, lentamente se desplaza, con consecuencias en los sistemas productivos presentes en dicha \u00e1rea. Los cultivos implantados de la campa\u00f1a\u00a0 2014\/2015\u00a0 (soja\u00a0 de\u00a0 primera-soja\u00a0 de\u00a0 segunda,\u00a0 sorgo\u00a0 gran\u00edfero\u00a0 y\u00a0 ma\u00edces) presentan una afectaci\u00f3n que deber\u00e1 ser monitoreada con el transcurso del tiempo, la cual incidir\u00e1 directamente en los valores finales de producci\u00f3n<\/p>\n<p>&nbsp;<\/p>\n","protected":false},"excerpt":{"rendered":"<p>Informe de la Bolsa de Comercio de Santa Fe y Ministerio de la Producci\u00f3n sobre el \u201cSistema de Estimaciones Agr\u00edcolas del Centro &#8211; Norte de la Provincia de Santa Fe\u201d<\/p>\n","protected":false},"author":5,"featured_media":0,"comment_status":"open","ping_status":"open","sticky":false,"template":"","format":"standard","meta":[],"categories":[1],"tags":[1870,1869],"_links":{"self":[{"href":"http:\/\/rurallascolonias.com.ar\/index.php?rest_route=\/wp\/v2\/posts\/5856"}],"collection":[{"href":"http:\/\/rurallascolonias.com.ar\/index.php?rest_route=\/wp\/v2\/posts"}],"about":[{"href":"http:\/\/rurallascolonias.com.ar\/index.php?rest_route=\/wp\/v2\/types\/post"}],"author":[{"embeddable":true,"href":"http:\/\/rurallascolonias.com.ar\/index.php?rest_route=\/wp\/v2\/users\/5"}],"replies":[{"embeddable":true,"href":"http:\/\/rurallascolonias.com.ar\/index.php?rest_route=%2Fwp%2Fv2%2Fcomments&post=5856"}],"version-history":[{"count":1,"href":"http:\/\/rurallascolonias.com.ar\/index.php?rest_route=\/wp\/v2\/posts\/5856\/revisions"}],"predecessor-version":[{"id":5858,"href":"http:\/\/rurallascolonias.com.ar\/index.php?rest_route=\/wp\/v2\/posts\/5856\/revisions\/5858"}],"wp:attachment":[{"href":"http:\/\/rurallascolonias.com.ar\/index.php?rest_route=%2Fwp%2Fv2%2Fmedia&parent=5856"}],"wp:term":[{"taxonomy":"category","embeddable":true,"href":"http:\/\/rurallascolonias.com.ar\/index.php?rest_route=%2Fwp%2Fv2%2Fcategories&post=5856"},{"taxonomy":"post_tag","embeddable":true,"href":"http:\/\/rurallascolonias.com.ar\/index.php?rest_route=%2Fwp%2Fv2%2Ftags&post=5856"}],"curies":[{"name":"wp","href":"https:\/\/api.w.org\/{rel}","templated":true}]}}