{"id":5840,"date":"2015-02-26T18:13:53","date_gmt":"2015-02-26T18:13:53","guid":{"rendered":"http:\/\/rurallascolonias.com.ar\/?p=5840"},"modified":"2015-02-26T18:15:06","modified_gmt":"2015-02-26T18:15:06","slug":"la-mesa-de-enlace-realiza-una-jornada-de-esclarecimiento-sobre-economias-regionales","status":"publish","type":"post","link":"http:\/\/rurallascolonias.com.ar\/?p=5840","title":{"rendered":"La Mesa de Enlace realiza una jornada de esclarecimiento sobre econom\u00edas regionales"},"content":{"rendered":"<p><a href=\"http:\/\/rurallascolonias.com.ar\/wp-content\/uploads\/2015\/02\/mesa-de-enlace.png\"><img loading=\"lazy\" class=\"aligncenter size-full wp-image-5841\" src=\"http:\/\/rurallascolonias.com.ar\/wp-content\/uploads\/2015\/02\/mesa-de-enlace.png\" alt=\"mesa de enlace\" width=\"271\" height=\"186\" \/><\/a>Productores presentar\u00e1n una visi\u00f3n de la situaci\u00f3n econ\u00f3mica de su actividad y el impacto de \u00e9sta sobre la regi\u00f3n de influencia de dicha producci\u00f3n.<!--more--><\/p>\n<p>La Mesa de Enlace realizar\u00e1 hoy jueves una jornada de esclarecimiento en la que se expondr\u00e1n los efectos de la crisis sobre todas las actividades productivas, en especial de las econom\u00edas regionales y la lecher\u00eda.<\/p>\n<p>Productores presentar\u00e1n una visi\u00f3n de la situaci\u00f3n econ\u00f3mica de su actividad y el impacto de \u00e9sta sobre la regi\u00f3n de influencia de dicha producci\u00f3n. Se presentar\u00e1n productores de trigo, ma\u00edz, peras y manzanas; tabaco, c\u00edtricos, algod\u00f3n, leche y uva, entre otros.<\/p>\n<p>La jornada se llevar\u00e1 a cabo hoy jueves a las 14.00 horas en el Hotel Pestana de Buenos Aires<\/p>\n","protected":false},"excerpt":{"rendered":"<p>Productores presentar\u00e1n una visi\u00f3n de la situaci\u00f3n econ\u00f3mica de su actividad y el impacto de \u00e9sta sobre la regi\u00f3n de influencia de dicha producci\u00f3n.<\/p>\n","protected":false},"author":5,"featured_media":0,"comment_status":"open","ping_status":"open","sticky":false,"template":"","format":"standard","meta":[],"categories":[42],"tags":[1373,1865,1144,34],"_links":{"self":[{"href":"http:\/\/rurallascolonias.com.ar\/index.php?rest_route=\/wp\/v2\/posts\/5840"}],"collection":[{"href":"http:\/\/rurallascolonias.com.ar\/index.php?rest_route=\/wp\/v2\/posts"}],"about":[{"href":"http:\/\/rurallascolonias.com.ar\/index.php?rest_route=\/wp\/v2\/types\/post"}],"author":[{"embeddable":true,"href":"http:\/\/rurallascolonias.com.ar\/index.php?rest_route=\/wp\/v2\/users\/5"}],"replies":[{"embeddable":true,"href":"http:\/\/rurallascolonias.com.ar\/index.php?rest_route=%2Fwp%2Fv2%2Fcomments&post=5840"}],"version-history":[{"count":3,"href":"http:\/\/rurallascolonias.com.ar\/index.php?rest_route=\/wp\/v2\/posts\/5840\/revisions"}],"predecessor-version":[{"id":5844,"href":"http:\/\/rurallascolonias.com.ar\/index.php?rest_route=\/wp\/v2\/posts\/5840\/revisions\/5844"}],"wp:attachment":[{"href":"http:\/\/rurallascolonias.com.ar\/index.php?rest_route=%2Fwp%2Fv2%2Fmedia&parent=5840"}],"wp:term":[{"taxonomy":"category","embeddable":true,"href":"http:\/\/rurallascolonias.com.ar\/index.php?rest_route=%2Fwp%2Fv2%2Fcategories&post=5840"},{"taxonomy":"post_tag","embeddable":true,"href":"http:\/\/rurallascolonias.com.ar\/index.php?rest_route=%2Fwp%2Fv2%2Ftags&post=5840"}],"curies":[{"name":"wp","href":"https:\/\/api.w.org\/{rel}","templated":true}]}}