{"id":5827,"date":"2015-02-25T17:21:27","date_gmt":"2015-02-25T17:21:27","guid":{"rendered":"http:\/\/rurallascolonias.com.ar\/?p=5827"},"modified":"2015-02-25T17:21:27","modified_gmt":"2015-02-25T17:21:27","slug":"se-mantiene-el-precio-de-la-leche-en-santa-fe","status":"publish","type":"post","link":"http:\/\/rurallascolonias.com.ar\/?p=5827","title":{"rendered":"Se mantiene el precio de la leche en Santa Fe"},"content":{"rendered":"<p><strong><em><a href=\"http:\/\/rurallascolonias.com.ar\/wp-content\/uploads\/2015\/02\/precio-de-la-leche.png\"><img loading=\"lazy\" class=\"aligncenter size-full wp-image-5828\" src=\"http:\/\/rurallascolonias.com.ar\/wp-content\/uploads\/2015\/02\/precio-de-la-leche.png\" alt=\"precio de la leche\" width=\"306\" height=\"165\" srcset=\"http:\/\/rurallascolonias.com.ar\/wp-content\/uploads\/2015\/02\/precio-de-la-leche.png 306w, http:\/\/rurallascolonias.com.ar\/wp-content\/uploads\/2015\/02\/precio-de-la-leche-300x161.png 300w\" sizes=\"(max-width: 306px) 100vw, 306px\" \/><\/a>ESTABLE<\/em><\/strong><\/p>\n<p>El conflicto desatado durante diciembre y enero por la baja unilateral en el precio del litro de leche que la industria paga a los productores tamberos parece comenzar a solucionarse<!--more--><\/p>\n<div class=\"separador_2\"><\/div>\n<p>Se acord\u00f3 una reuni\u00f3n de la Mesa Provincial de Lecher\u00eda. Gracias a una suba a nivel internacional, las industrias l\u00e1cteas se comprometieron con los productores a sostener los valores vigentes en enero.<\/p>\n<p>El conflicto desatado durante diciembre y enero por la baja unilateral en el precio del litro de leche que la industria paga a los productores tamberos parece comenzar a solucionarse. Ayer, tras un encuentro de la Mesa Provincial de Lecher\u00eda, convocado por el Ministerio de la Producci\u00f3n, el Centro de Industria Lechera (CIL), que concentra a las mayores empresas l\u00e1cteas del pa\u00eds y la Asociaci\u00f3n de Peque\u00f1as y Medianas Industrias L\u00e1cteas (Apymil), se comprometieron a mantener aproximadamente los precios vigentes en enero para febrero.<\/p>\n<p>Miguel Paul\u00f3n, presidente de CIL, sostuvo que lo que se transmiti\u00f3 a los productores en la reuni\u00f3n es que \u00abse repetir\u00edan aproximadamente los mismos valores (por litro de leche) que en enero\u00bb. Por su parte, Gustavo Vionnet, dirigente de la Sociedad Rural del departamento Las Colonias, coment\u00f3 que gracias a un acomodamiento de los precios internacionales \u00abde alguna manera se destraba la situaci\u00f3n\u00bb y cont\u00f3 que \u00abde 2.300 d\u00f3lares la tonelada pas\u00f3 a valer 3.270 d\u00f3lares y eso de alguna manera da otra se\u00f1al\u00bb.<\/p>\n<p>\u00abTal es as\u00ed que la representaci\u00f3n de la industria explic\u00f3 a los productores que seguramente la leche de febrero (a cobrar en marzo) no va a tener bajas, e incluso podr\u00eda llegar a tener subas en algunas industrias\u00bb, se\u00f1al\u00f3 Vionnet y agreg\u00f3 que \u00abte\u00f3ricamente, esto acomoda un poco el panorama, si bien la discusi\u00f3n fue sobre el descuento de la leche de enero\u00bb.<\/p>\n<p>En tanto, Paul\u00f3n refiri\u00e9ndose a la suba internacional de los valores de referencia, destac\u00f3 que \u00abes un aliciente de que la cosa puede cambiar\u00bb, pero que \u00abhace falta un precio de no menos de 4.000 d\u00f3lares por tonelada, para poder sostener los precios que se est\u00e1n pagando hoy a los productores\u00bb. Para el representante de las industrias l\u00e1cteas, \u00ablas empresas est\u00e1n haciendo un tremendo esfuerzo sobre su situaci\u00f3n financiera para poder sostener los precios al productor\u00bb, y si bien el contexto internacional es un poco m\u00e1s favorable, \u00absiempre se produce un tiempo del orden de los 30 a 60 d\u00edas para que empiecen a aparecer las operaciones a los nuevos valores\u00bb.<\/p>\n<p>Por su parte, Vionnet dijo retirarse \u00abconforme\u00bb de la reuni\u00f3n, con la promesa de volver a generar un encuentro en 15 o 20 d\u00edas, para establecer criterios comunes y poder gestionar en conjunto con otras provincias de la cuenca lechera, un planteo al Ministerio de Agricultura de la Naci\u00f3n.<\/p>\n<p>&nbsp;<\/p>\n<div class=\"separador_2\"><\/div>\n<p><span class=\"texto_13_gris\"><em>Fuente: <\/em> <strong>SM &#8211; Campo en Acci\u00f3n<\/strong><\/span><\/p>\n","protected":false},"excerpt":{"rendered":"<p>ESTABLE El conflicto desatado durante diciembre y enero por la baja unilateral en el precio del litro de leche que la industria paga a los productores tamberos parece comenzar a solucionarse<\/p>\n","protected":false},"author":5,"featured_media":0,"comment_status":"open","ping_status":"open","sticky":false,"template":"","format":"standard","meta":[],"categories":[46],"tags":[1861,566],"_links":{"self":[{"href":"http:\/\/rurallascolonias.com.ar\/index.php?rest_route=\/wp\/v2\/posts\/5827"}],"collection":[{"href":"http:\/\/rurallascolonias.com.ar\/index.php?rest_route=\/wp\/v2\/posts"}],"about":[{"href":"http:\/\/rurallascolonias.com.ar\/index.php?rest_route=\/wp\/v2\/types\/post"}],"author":[{"embeddable":true,"href":"http:\/\/rurallascolonias.com.ar\/index.php?rest_route=\/wp\/v2\/users\/5"}],"replies":[{"embeddable":true,"href":"http:\/\/rurallascolonias.com.ar\/index.php?rest_route=%2Fwp%2Fv2%2Fcomments&post=5827"}],"version-history":[{"count":1,"href":"http:\/\/rurallascolonias.com.ar\/index.php?rest_route=\/wp\/v2\/posts\/5827\/revisions"}],"predecessor-version":[{"id":5829,"href":"http:\/\/rurallascolonias.com.ar\/index.php?rest_route=\/wp\/v2\/posts\/5827\/revisions\/5829"}],"wp:attachment":[{"href":"http:\/\/rurallascolonias.com.ar\/index.php?rest_route=%2Fwp%2Fv2%2Fmedia&parent=5827"}],"wp:term":[{"taxonomy":"category","embeddable":true,"href":"http:\/\/rurallascolonias.com.ar\/index.php?rest_route=%2Fwp%2Fv2%2Fcategories&post=5827"},{"taxonomy":"post_tag","embeddable":true,"href":"http:\/\/rurallascolonias.com.ar\/index.php?rest_route=%2Fwp%2Fv2%2Ftags&post=5827"}],"curies":[{"name":"wp","href":"https:\/\/api.w.org\/{rel}","templated":true}]}}