{"id":5825,"date":"2015-02-25T17:13:54","date_gmt":"2015-02-25T17:13:54","guid":{"rendered":"http:\/\/rurallascolonias.com.ar\/?p=5825"},"modified":"2015-02-25T17:13:54","modified_gmt":"2015-02-25T17:13:54","slug":"la-mesa-de-enlace-inicia-sus-jornadas-sobre-problematica-de-las-economias-regionales","status":"publish","type":"post","link":"http:\/\/rurallascolonias.com.ar\/?p=5825","title":{"rendered":"La Mesa de Enlace inicia sus jornadas sobre problem\u00e1tica de las econom\u00edas regionales"},"content":{"rendered":"<div class=\"description\"><a href=\"http:\/\/rurallascolonias.com.ar\/wp-content\/uploads\/2014\/11\/mesa-de-enlace-nacional.png\"><img loading=\"lazy\" class=\"aligncenter size-full wp-image-4859\" src=\"http:\/\/rurallascolonias.com.ar\/wp-content\/uploads\/2014\/11\/mesa-de-enlace-nacional.png\" alt=\"mesa de enlace nacional\" width=\"259\" height=\"194\" \/><\/a>Este jueves 26 de febrero a las 14.00 hs. en el Hotel Pestana de Buenos Aires. Participan las m\u00e1ximas autoridades de la Mesa de Enlace y productores de distintos puntos del pa\u00eds.<\/div>\n<p><!--more--><\/p>\n<div class=\"authorinfo\"><\/div>\n<div class=\"vsmcontent\">\n<p align=\"justify\">Este jueves 26 de febrero a las 14.00 hs. en el Hotel Pestana de Buenos Aires. Participan las m\u00e1ximas autoridades de la Mesa de Enlace y productores de distintos puntos del pa\u00eds.<br \/>\nLa Comisi\u00f3n de Enlace de Entidades Agropecuarias invita a una jornada de esclarecimiento en la que se expondr\u00e1n los efectos de la crisis sobre todas las actividades productivas, en especial de las econom\u00edas regionales y la lecher\u00eda.<\/p>\n<p align=\"justify\">Productores presentar\u00e1n una visi\u00f3n de la situaci\u00f3n econ\u00f3mica de su actividad y el impacto de \u00e9sta sobre la regi\u00f3n de influencia de dicha producci\u00f3n. Se presentar\u00e1n productores de trigo, ma\u00edz, peras y manzanas; tabaco, c\u00edtricos, algod\u00f3n, leche y uva, entre otros.<\/p>\n<p align=\"justify\">La jornada se llevar\u00e1 a cabo el jueves 26 de febrero a las 14.00 hs. en el Hotel Pestana de Buenos Aires, sito en Carlos Pellegrini 877.<\/p>\n<p align=\"justify\">Fuente: <a title=\"El Regional digital\" href=\"http:\/\/www.elregionaldigital.com.ar\/\"><span style=\"color: #0066cc;\">El Regional digital<\/span><\/a><\/p>\n<\/div>\n","protected":false},"excerpt":{"rendered":"<p>Este jueves 26 de febrero a las 14.00 hs. en el Hotel Pestana de Buenos Aires. Participan las m\u00e1ximas autoridades de la Mesa de Enlace y productores de distintos puntos del pa\u00eds.<\/p>\n","protected":false},"author":5,"featured_media":0,"comment_status":"open","ping_status":"open","sticky":false,"template":"","format":"standard","meta":[],"categories":[42],"tags":[1373,34,1860],"_links":{"self":[{"href":"http:\/\/rurallascolonias.com.ar\/index.php?rest_route=\/wp\/v2\/posts\/5825"}],"collection":[{"href":"http:\/\/rurallascolonias.com.ar\/index.php?rest_route=\/wp\/v2\/posts"}],"about":[{"href":"http:\/\/rurallascolonias.com.ar\/index.php?rest_route=\/wp\/v2\/types\/post"}],"author":[{"embeddable":true,"href":"http:\/\/rurallascolonias.com.ar\/index.php?rest_route=\/wp\/v2\/users\/5"}],"replies":[{"embeddable":true,"href":"http:\/\/rurallascolonias.com.ar\/index.php?rest_route=%2Fwp%2Fv2%2Fcomments&post=5825"}],"version-history":[{"count":1,"href":"http:\/\/rurallascolonias.com.ar\/index.php?rest_route=\/wp\/v2\/posts\/5825\/revisions"}],"predecessor-version":[{"id":5826,"href":"http:\/\/rurallascolonias.com.ar\/index.php?rest_route=\/wp\/v2\/posts\/5825\/revisions\/5826"}],"wp:attachment":[{"href":"http:\/\/rurallascolonias.com.ar\/index.php?rest_route=%2Fwp%2Fv2%2Fmedia&parent=5825"}],"wp:term":[{"taxonomy":"category","embeddable":true,"href":"http:\/\/rurallascolonias.com.ar\/index.php?rest_route=%2Fwp%2Fv2%2Fcategories&post=5825"},{"taxonomy":"post_tag","embeddable":true,"href":"http:\/\/rurallascolonias.com.ar\/index.php?rest_route=%2Fwp%2Fv2%2Ftags&post=5825"}],"curies":[{"name":"wp","href":"https:\/\/api.w.org\/{rel}","templated":true}]}}