{"id":5815,"date":"2015-02-24T14:56:07","date_gmt":"2015-02-24T14:56:07","guid":{"rendered":"http:\/\/rurallascolonias.com.ar\/?p=5815"},"modified":"2015-02-24T14:56:07","modified_gmt":"2015-02-24T14:56:07","slug":"carsfe-advierte-inconvenientes-en-el-registro-de-la-ucesci","status":"publish","type":"post","link":"http:\/\/rurallascolonias.com.ar\/?p=5815","title":{"rendered":"CARSFE advierte inconvenientes en el registro de la UCESCI"},"content":{"rendered":"<p><span style=\"color: #333333;\"><a href=\"http:\/\/rurallascolonias.com.ar\/wp-content\/uploads\/2013\/12\/Carsfe-2.png\"><img loading=\"lazy\" class=\"alignleft size-full wp-image-392\" src=\"http:\/\/rurallascolonias.com.ar\/wp-content\/uploads\/2013\/12\/Carsfe-2.png\" alt=\"Carsfe 2\" width=\"251\" height=\"183\" \/><\/a>La Confederaci\u00f3n se Asociaciones Rurales de Santa Fe solicita una pr\u00f3rroga hasta tanto los productores puedan acceder a la utilizaci\u00f3n de la p\u00e1gina respectiva<\/span><!--more--><\/p>\n<p dir=\"ltr\" style=\"color: #333333;\" align=\"justify\"><strong><span style=\"text-decoration: underline;\">Trigo:<\/span><\/strong><\/p>\n<p dir=\"ltr\" style=\"color: #333333;\" align=\"justify\">La Disposici\u00f3n N\u00ba 1\/ 2015 del UCESCI (\u00a0Unidad de Coordinacion y Evaluacion de Subsidios al Consumo Interno) estable el procedimiento para que los productores de trigo puedan tener acceso a la transferencia de los recursos obtenidos por el Estado Nacional a trav\u00e9s de los ingresos por los derechos de exportaci\u00f3n de trigo y derivados para la cosecha 2014\/2015, que consiste en informar la producci\u00f3n y stock de trigo al 31\/01\/2015.<\/p>\n<p dir=\"ltr\" style=\"color: #333333;\" align=\"justify\">La presentaci\u00f3n de la informaci\u00f3n se realiza v\u00eda web:\u00a0<a style=\"color: #165e92;\" href=\"http:\/\/www.ucesci.gob.ar\/\"><span style=\"text-decoration: underline;\">www.ucesci.gob.ar<\/span><\/a>\u00a0accediendo al mismo con clave fiscal AFIP\u00a0 y el\u00a0 plazo de presentaci\u00f3n es del 1\u00ba de Febrero hasta las 24 hs. del d\u00eda 23 de Febrero de 2015.<\/p>\n<p dir=\"ltr\" style=\"color: #333333;\" align=\"justify\">Desde CARSFE ADVERTIMOS que la p\u00e1gina respectiva se encuentra INOPERATIVA lo que est\u00e1 imposibilitando la carga de datos a los productores agropecuarios (de trigo)<\/p>\n<p dir=\"ltr\" style=\"color: #333333;\" align=\"justify\">DESDE CARSFE solicitamos una pr\u00f3rroga en \u00a0la presentaci\u00f3n mencionada \u00a0hasta tanto los productores puedan acceder a la utilizaci\u00f3n de la p\u00e1gina respectiva.<\/p>\n<p dir=\"ltr\" style=\"color: #333333;\">CARSFE \u2013 \u00c1REA TRIBUTARIA<\/p>\n","protected":false},"excerpt":{"rendered":"<p>La Confederaci\u00f3n se Asociaciones Rurales de Santa Fe solicita una pr\u00f3rroga hasta tanto los productores puedan acceder a la utilizaci\u00f3n de la p\u00e1gina respectiva<\/p>\n","protected":false},"author":5,"featured_media":0,"comment_status":"open","ping_status":"open","sticky":false,"template":"","format":"standard","meta":[],"categories":[29],"tags":[120,1853,1854],"_links":{"self":[{"href":"http:\/\/rurallascolonias.com.ar\/index.php?rest_route=\/wp\/v2\/posts\/5815"}],"collection":[{"href":"http:\/\/rurallascolonias.com.ar\/index.php?rest_route=\/wp\/v2\/posts"}],"about":[{"href":"http:\/\/rurallascolonias.com.ar\/index.php?rest_route=\/wp\/v2\/types\/post"}],"author":[{"embeddable":true,"href":"http:\/\/rurallascolonias.com.ar\/index.php?rest_route=\/wp\/v2\/users\/5"}],"replies":[{"embeddable":true,"href":"http:\/\/rurallascolonias.com.ar\/index.php?rest_route=%2Fwp%2Fv2%2Fcomments&post=5815"}],"version-history":[{"count":1,"href":"http:\/\/rurallascolonias.com.ar\/index.php?rest_route=\/wp\/v2\/posts\/5815\/revisions"}],"predecessor-version":[{"id":5816,"href":"http:\/\/rurallascolonias.com.ar\/index.php?rest_route=\/wp\/v2\/posts\/5815\/revisions\/5816"}],"wp:attachment":[{"href":"http:\/\/rurallascolonias.com.ar\/index.php?rest_route=%2Fwp%2Fv2%2Fmedia&parent=5815"}],"wp:term":[{"taxonomy":"category","embeddable":true,"href":"http:\/\/rurallascolonias.com.ar\/index.php?rest_route=%2Fwp%2Fv2%2Fcategories&post=5815"},{"taxonomy":"post_tag","embeddable":true,"href":"http:\/\/rurallascolonias.com.ar\/index.php?rest_route=%2Fwp%2Fv2%2Ftags&post=5815"}],"curies":[{"name":"wp","href":"https:\/\/api.w.org\/{rel}","templated":true}]}}