{"id":5776,"date":"2015-02-20T17:22:01","date_gmt":"2015-02-20T17:22:01","guid":{"rendered":"http:\/\/rurallascolonias.com.ar\/?p=5776"},"modified":"2015-02-20T17:22:01","modified_gmt":"2015-02-20T17:22:01","slug":"los-productores-bajo-el-signo-de-la-impaciencia","status":"publish","type":"post","link":"http:\/\/rurallascolonias.com.ar\/?p=5776","title":{"rendered":"Los productores, bajo el signo de la impaciencia"},"content":{"rendered":"<p><a href=\"http:\/\/rurallascolonias.com.ar\/wp-content\/uploads\/2015\/02\/productores.jpg\"><img loading=\"lazy\" class=\"aligncenter size-full wp-image-5777\" src=\"http:\/\/rurallascolonias.com.ar\/wp-content\/uploads\/2015\/02\/productores.jpg\" alt=\"productores\" width=\"240\" height=\"159\" \/><\/a>La Comisi\u00f3n de Enlace nacional evaluar\u00e1 hoy si impulsa medidas gremiales o un paro agropecuario, en reclamo por los problemas de rentabilidad.<!--more--><br \/>\nLa agenda econ\u00f3mica ha evolucionado en los \u00faltimos d\u00edas s\u00f3lo un peque\u00f1o paso detr\u00e1s de la elevada temperatura de los acontecimientos pol\u00edticos, expresados en la multitudinaria marcha en homenaje del fiscal Alberto Nisman.<\/p>\n<p>Los tiempos de los actores econ\u00f3micos tambi\u00e9n est\u00e1n en tren de aceleraci\u00f3n. El agro, que acusa serios problemas de rentabilidad y desatenci\u00f3n en varios frentes, est\u00e1 en la lista, pero no es el \u00fanico.<\/p>\n<p>En la vereda sindical, los gremios del transporte terrestre, a\u00e9reo y mar\u00edtimo acaban de aprobar para el martes 31 de marzo un paro nacional de 24 horas para exigir al Gobierno nacional una modificaci\u00f3n en los m\u00ednimos no imponibles del Impuesto a las Ganancias.<\/p>\n<p>Las entidades agropecuarias que integran la Comisi\u00f3n de Enlace nacional tienen agendada para hoy una deliberaci\u00f3n en la que tambi\u00e9n habr\u00e1 proposiciones de medidas gremiales por parte de los productores.<\/p>\n<p>En la reciente asamblea de productores lecheros, en Villa Mar\u00eda, hubo mociones de impulsar una rebeld\u00eda fiscal, en virtud de los descuentos de precios y de que los tambos no podr\u00edan seguir pagando los impuestos nacionales o provinciales.<\/p>\n<p>La Comisi\u00f3n de Enlace evaluar\u00e1 tambi\u00e9n si impulsa un paro comercial agropecuario, como lo han sugerido en el seno de CRA y la Sociedad Rural. Una acci\u00f3n de este tipo ser\u00eda aceptada por los productores s\u00f3lo si estos \u201cconsideran que le siguen hundiendo la mano en el bolsillo\u201d, se sincer\u00f3 un dirigente. Por otra cuerda, las entidades deber\u00e1n computar si esas potenciales acciones incomodan a la conducci\u00f3n de la Federaci\u00f3n Agraria y el canal de di\u00e1logo que le acaba de lanzar el Gobierno.<\/p>\n<p>Los productores lecheros est\u00e1n en la primera fila con la idea de llevar adelante medidas de fuerza. Las provincias en las que predomina esta actividad, como es el caso de C\u00f3rdoba, est\u00e1n detr\u00e1s de una mediaci\u00f3n para frenar una acumulaci\u00f3n de bajas para sus productores primarios. Esta vez ser\u00eda para la leche entregada en febrero, una decisi\u00f3n por parte de la industria que podr\u00eda colmar el vaso entre los tamberos. Los ministros de Agricultura y Producci\u00f3n de C\u00f3rdoba, Santa Fe y Buenos Aires terminaron de acordar un encuentro para la semana pr\u00f3xima con la idea de arrimar a las partes, tambi\u00e9n con participaci\u00f3n de la Naci\u00f3n, y llegar a un acuerdo que implicar\u00eda dise\u00f1ar un reparto de los costos y beneficios entre productores, industrias y las grandes cadenas comerciales. Uno de los argumentos es que ahora deber\u00edan hacer un esfuerzo los eslabones que en los a\u00f1os recientes tuvieron altos m\u00e1rgenes, razonan en estos escritorios oficiales. Ser\u00eda una forma de defender al primer escal\u00f3n.<\/p>\n<p>Sin embargo, una \u201crestituci\u00f3n\u201d de los 10 centavos de quita que ya aplic\u00f3 un sector de la industria no aparece como un tr\u00e1mite sencillo: por el contrario, los procesadores est\u00e1n analizando nuevos recortes.<br \/>\nwww.lavoz.com.ar<\/p>\n","protected":false},"excerpt":{"rendered":"<p>La Comisi\u00f3n de Enlace nacional evaluar\u00e1 hoy si impulsa medidas gremiales o un paro agropecuario, en reclamo por los problemas de rentabilidad.<\/p>\n","protected":false},"author":5,"featured_media":0,"comment_status":"open","ping_status":"open","sticky":false,"template":"","format":"standard","meta":[],"categories":[46],"tags":[1842,312],"_links":{"self":[{"href":"http:\/\/rurallascolonias.com.ar\/index.php?rest_route=\/wp\/v2\/posts\/5776"}],"collection":[{"href":"http:\/\/rurallascolonias.com.ar\/index.php?rest_route=\/wp\/v2\/posts"}],"about":[{"href":"http:\/\/rurallascolonias.com.ar\/index.php?rest_route=\/wp\/v2\/types\/post"}],"author":[{"embeddable":true,"href":"http:\/\/rurallascolonias.com.ar\/index.php?rest_route=\/wp\/v2\/users\/5"}],"replies":[{"embeddable":true,"href":"http:\/\/rurallascolonias.com.ar\/index.php?rest_route=%2Fwp%2Fv2%2Fcomments&post=5776"}],"version-history":[{"count":1,"href":"http:\/\/rurallascolonias.com.ar\/index.php?rest_route=\/wp\/v2\/posts\/5776\/revisions"}],"predecessor-version":[{"id":5778,"href":"http:\/\/rurallascolonias.com.ar\/index.php?rest_route=\/wp\/v2\/posts\/5776\/revisions\/5778"}],"wp:attachment":[{"href":"http:\/\/rurallascolonias.com.ar\/index.php?rest_route=%2Fwp%2Fv2%2Fmedia&parent=5776"}],"wp:term":[{"taxonomy":"category","embeddable":true,"href":"http:\/\/rurallascolonias.com.ar\/index.php?rest_route=%2Fwp%2Fv2%2Fcategories&post=5776"},{"taxonomy":"post_tag","embeddable":true,"href":"http:\/\/rurallascolonias.com.ar\/index.php?rest_route=%2Fwp%2Fv2%2Ftags&post=5776"}],"curies":[{"name":"wp","href":"https:\/\/api.w.org\/{rel}","templated":true}]}}