{"id":5765,"date":"2015-02-19T17:45:29","date_gmt":"2015-02-19T17:45:29","guid":{"rendered":"http:\/\/rurallascolonias.com.ar\/?p=5765"},"modified":"2015-02-19T17:45:29","modified_gmt":"2015-02-19T17:45:29","slug":"el-maiz-necesita-permisos-para-exportar","status":"publish","type":"post","link":"http:\/\/rurallascolonias.com.ar\/?p=5765","title":{"rendered":"El ma\u00edz necesita permisos para exportar"},"content":{"rendered":"<p><strong><em><a href=\"http:\/\/rurallascolonias.com.ar\/wp-content\/uploads\/2015\/02\/ma\u00edz1.png\"><img loading=\"lazy\" class=\"aligncenter size-full wp-image-5766\" src=\"http:\/\/rurallascolonias.com.ar\/wp-content\/uploads\/2015\/02\/ma\u00edz1.png\" alt=\"ma\u00edz\" width=\"306\" height=\"165\" srcset=\"http:\/\/rurallascolonias.com.ar\/wp-content\/uploads\/2015\/02\/ma\u00edz1.png 306w, http:\/\/rurallascolonias.com.ar\/wp-content\/uploads\/2015\/02\/ma\u00edz1-300x161.png 300w\" sizes=\"(max-width: 306px) 100vw, 306px\" \/><\/a>CON URGENCIA<\/em><\/strong><\/p>\n<p>La atenci\u00f3n del mercado est\u00e1 puesta en las \u00faltimas medidas tomadas, por ahora sin resultado, por el gobierno para reactivar el mercado de trigo<!--more--><\/p>\n<p>La atenci\u00f3n del mercado est\u00e1 puesta en las \u00faltimas medidas tomadas, por ahora sin resultado, por el gobierno para reactivar el mercado de trigo, como la tomada el viernes de liberar otro mill\u00f3n de toneladas del cereal para que se exporte. Pero el cultivo que tambi\u00e9n est\u00e1 pidiendo pista exportadora es el ma\u00edz.<\/p>\n<p>&nbsp;<\/p>\n<p>\u00abAguardamos el otorgamiento de ROE VERDE de ma\u00edz, donde habr\u00eda al menos 5 mill.tt. para otorgar, y en donde tambi\u00e9n hay un parate en el mercado, mientras los productores est\u00e1n todav\u00eda tratando de vender su ma\u00edz de la cosecha vieja\u00bb, se\u00f1al\u00f3 el analista agropecuario Dante Romano. \u00abA un precio de 180 U$S\/tt FOB implicar\u00edan 900 millones de d\u00f3lares adicionales. Es decir que habilitando el saldo remanente de ma\u00edz y trigo, el gobierno podr\u00eda lograr su objetivo de que ingrese en el corto plazo 2.000 millones de d\u00f3lares para engrosar reservas\u00bb, explic\u00f3 el especialista.<\/p>\n<p>&nbsp;<\/p>\n<p>Seg\u00fan el Ministerio de Agricultura, la exportaci\u00f3n lleva compradas 5.181.900 toneladas de la campa\u00f1a 2014\/15, de las cuales 3.343.300 son en condici\u00f3n a fijar precio. El volumen ingresado al circuito comercial es un 151,50% mayor al comercializado el a\u00f1o pasado a esta misma fecha.<\/p>\n<p>&nbsp;<\/p>\n<p>En tanto, gener\u00f3 cr\u00edticas empresarias la nueva lista de precios de bioetnaol (correspondientes a la producci\u00f3n entregada en febrero). En efecto, como ocurri\u00f3 con los valores de enero la ca\u00edda de ambos valores volvi\u00f3 a despertar cr\u00edticas por parte de los productores que elaboran el biocombustible a partir del ma\u00edz (7,38 pesos) que est\u00e1n pidiendo que su precio suba a una cotizaci\u00f3n similar a la que se produce a base de ca\u00f1a de az\u00facar (8,61 pesos). \u00abEs una barbaridad lo que est\u00e1 ocurriendo en bioetanol. Concretamente la f\u00f3rmula que se ha publicado es completamente irracional, ya que no contempla la alta inversi\u00f3n realizada por las empresas\u00bb, dijo a Energ\u00eda Estrat\u00e9gica, Sergio Szuchet, director de la empresa fabricante Diaser.<br \/>\npunto biz<\/p>\n<p>&nbsp;<\/p>\n<div class=\"separador_2\"><\/div>\n<p><span class=\"texto_13_gris\"><em>Fuente: <\/em> <strong>SM<\/strong><\/span><\/p>\n","protected":false},"excerpt":{"rendered":"<p>CON URGENCIA La atenci\u00f3n del mercado est\u00e1 puesta en las \u00faltimas medidas tomadas, por ahora sin resultado, por el gobierno para reactivar el mercado de trigo<\/p>\n","protected":false},"author":5,"featured_media":0,"comment_status":"open","ping_status":"open","sticky":false,"template":"","format":"standard","meta":[],"categories":[18],"tags":[259,2408],"_links":{"self":[{"href":"http:\/\/rurallascolonias.com.ar\/index.php?rest_route=\/wp\/v2\/posts\/5765"}],"collection":[{"href":"http:\/\/rurallascolonias.com.ar\/index.php?rest_route=\/wp\/v2\/posts"}],"about":[{"href":"http:\/\/rurallascolonias.com.ar\/index.php?rest_route=\/wp\/v2\/types\/post"}],"author":[{"embeddable":true,"href":"http:\/\/rurallascolonias.com.ar\/index.php?rest_route=\/wp\/v2\/users\/5"}],"replies":[{"embeddable":true,"href":"http:\/\/rurallascolonias.com.ar\/index.php?rest_route=%2Fwp%2Fv2%2Fcomments&post=5765"}],"version-history":[{"count":1,"href":"http:\/\/rurallascolonias.com.ar\/index.php?rest_route=\/wp\/v2\/posts\/5765\/revisions"}],"predecessor-version":[{"id":5767,"href":"http:\/\/rurallascolonias.com.ar\/index.php?rest_route=\/wp\/v2\/posts\/5765\/revisions\/5767"}],"wp:attachment":[{"href":"http:\/\/rurallascolonias.com.ar\/index.php?rest_route=%2Fwp%2Fv2%2Fmedia&parent=5765"}],"wp:term":[{"taxonomy":"category","embeddable":true,"href":"http:\/\/rurallascolonias.com.ar\/index.php?rest_route=%2Fwp%2Fv2%2Fcategories&post=5765"},{"taxonomy":"post_tag","embeddable":true,"href":"http:\/\/rurallascolonias.com.ar\/index.php?rest_route=%2Fwp%2Fv2%2Ftags&post=5765"}],"curies":[{"name":"wp","href":"https:\/\/api.w.org\/{rel}","templated":true}]}}