{"id":5762,"date":"2015-02-19T16:33:10","date_gmt":"2015-02-19T16:33:10","guid":{"rendered":"http:\/\/rurallascolonias.com.ar\/?p=5762"},"modified":"2015-02-19T16:33:10","modified_gmt":"2015-02-19T16:33:10","slug":"en-pleno-ano-electoral-el-campo-vuelve-a-mostrarse-unido-y-amenaza-con-movilizaciones","status":"publish","type":"post","link":"http:\/\/rurallascolonias.com.ar\/?p=5762","title":{"rendered":"En pleno a\u00f1o electoral, el campo vuelve a mostrarse unido y amenaza con movilizaciones"},"content":{"rendered":"<div class=\"description\"><a href=\"http:\/\/rurallascolonias.com.ar\/wp-content\/uploads\/2015\/02\/tractorazo.png\"><img loading=\"lazy\" class=\"aligncenter size-full wp-image-5763\" src=\"http:\/\/rurallascolonias.com.ar\/wp-content\/uploads\/2015\/02\/tractorazo.png\" alt=\"tractorazo\" width=\"275\" height=\"183\" \/><\/a>Tanto la CRA como la Sociedad Rural impulsar\u00e1n nuevas convocatorias populares en la pr\u00f3xima reuni\u00f3n de la Mesa de Enlace, que se concretar\u00e1 este viernes.<\/div>\n<p><!--more--><\/p>\n<div class=\"authorinfo\"><\/div>\n<div class=\"vsmcontent\">\n<p align=\"justify\">Los recientes roces entre los distintos dirigentes rurales no quedaron atr\u00e1s, pero una vez m\u00e1s las entidades de la Mesa de Enlace se mostrar\u00e1n unidas este viernes para exigir un cambio en la pol\u00edtica agraria desarrollada por el kirchnerismo.<\/p>\n<p align=\"justify\">Las \u00faltimas semanas no fueron f\u00e1ciles, luego de que la Federaci\u00f3n Agraria Argentina (FAA) cambiara de gesti\u00f3n y se rompiera el pacto de no negociar unilateralmente con las autoridades.<\/p>\n<p align=\"justify\">Los agricultores federados, dirigidos por Omar Pr\u00edncipe, pactaron con el ministro Axel Kicillof y otros funcionarios\u00a0<strong>financiamiento<\/strong>\u00a0para los peque\u00f1os productores que no retengan en su poder m\u00e1s del 10% de su producci\u00f3n de soja, algo que el Banco Naci\u00f3n recort\u00f3 para el grueso de los empresarios del sector. Por otra parte, la FAA obtuvo\u00a0<strong>permisos de exportaci\u00f3n para 100 mil toneladas de trigo<\/strong>, a cambio de mejorar el precio que abona la cooperativa a los productores.<\/p>\n<p align=\"justify\">La primera reuni\u00f3n de las cuatro entidades se produjo durante los primeros d\u00edas de febrero. Y pese al clima tenso, se acord\u00f3\u00a0<strong>continuar con los m\u00faltiples reclamos<\/strong>\u00a0para el sector, por ejemplo,\u00a0<strong>contra la alta presi\u00f3n fiscal y las condiciones de comercializaci\u00f3n<\/strong>\u00a0de frutas, leche, ma\u00edz y trigo.<\/p>\n<p align=\"justify\">Este viernes los dirigentes volver\u00e1n a verse las caras, con una consigna que ya sobrevuela el ambiente, de acuerdo a declaraciones que desde la semana pasada los principales referentes dieron a los medios: se evaluar\u00e1 volver a\u00a0<strong>convocar movilizaciones populares<\/strong>.<\/p>\n<p align=\"justify\">La pr\u00f3xima reuni\u00f3n de la Mesa de Enlace Agropecuaria, se realizar\u00e1 viernes 20. All\u00ed\u00a0<strong>tambi\u00e9n el sector lechero llevar\u00e1 sus quejas<\/strong>\u00a0frente a la crisis que enfrentan los tambos, seg\u00fan dijeron a DyN fuentes ruralistas.<\/p>\n<p align=\"justify\">Al respecto, Pedro Apaolaza, vicepresidente de Confederaciones\u00a0Rurales Argentinas (CRA) expres\u00f3 que \u00abel pr\u00f3ximo viernes\u00a0tenemos una reuni\u00f3n de la Mesa de Enlace y vamos a tratar temas en\u00a0conflicto, y probablemente\u00a0<strong>tambi\u00e9n la posibilidad de realizar\u00a0medidas de fuerza<\/strong>\u00ab.<\/p>\n<p align=\"justify\">\u00abVeremos que se resuelve, el encuentro fue acordado en la\u00a0\u00faltima reuni\u00f3n en CONINAGRO, y los temas a tratar son todos: carne,\u00a0las econom\u00edas regionales de R\u00edo Negro, Neuqu\u00e9n, Mendoza, Tucum\u00e1n y\u00a0Salta que est\u00e1n todas muy complicadas, y puntualmente el tema\u00a0triguero y lechero\u00bb, explic\u00f3 Apaolaza.<\/p>\n<p align=\"justify\">La decisi\u00f3n de llevar el\u00a0<strong>pedido para establecer una \u00abagenda de\u00a0protesta\u00bb<\/strong>\u00a0del campo fue dispuesto por la c\u00fapula de CRA durante la\u00a0\u00faltima reuni\u00f3n de su comit\u00e9 ejecutivo, algo que tambi\u00e9n defini\u00f3\u00a0la Sociedad Rural Argentina.<\/p>\n<p align=\"justify\">Al respecto, el titular de SRA, Luis Miguel Etchevehere,\u00a0tambi\u00e9n explic\u00f3 p\u00fablicamente la posici\u00f3n adoptada ya en el seno de su\u00a0organizaci\u00f3n de encarar, conjuntamente con sus socios de la Mesa de\u00a0Enlace, medidas de fuerza contra la pol\u00edtica oficial. As\u00ed, la Sociedad Rural es partidaria de\u00a0<strong>exponer ante \u00abla\u00a0opini\u00f3n p\u00fablica lo insostenible de much\u00edsimas producciones\u00bb<\/strong>\u00a0y la\u00a0necesidad de encarar desde el \u00e1rea gubernamental cambios para devolver\u00a0rentabilidad al campo.<\/p>\n<p align=\"justify\">Seg\u00fan dijo esta semana a los medios el presidente de la Sociedad Rural, \u00ab<strong>todas las\u00a0producciones de Argentina est\u00e1n siendo comprometidas<\/strong>\u00a0con las pol\u00edticas que\u00a0lleva adelante el Gobierno y, salvo alg\u00fan cultivo que est\u00e1 muy\u00a0cerca de los puertos, el resto de las actividades va a dar quebrantos\u00a0este a\u00f1o\u00bb. Puso como ejemplo la situaci\u00f3n de crisis que experimenta la producci\u00f3n de peras en R\u00edo Negro y Neuqu\u00e9n, donde pese a ser \u00abArgentina el principal productor a nivel mundial, este a\u00f1o ni siquiera compensa cosechar la pera\u00bb.<\/p>\n<p align=\"justify\">\u00abVemos que el\u00a0<strong>Gobierno no reacciona\u00a0<\/strong>y esto ya desde hace a\u00f1os, y entendemos que\u00a0<strong>es el momento de\u00a0llevar adelante una medida de fuerza<\/strong>\u00ab, explic\u00f3 Etchevehere en\u00a0declaraciones a radio Continental.<\/p>\n<div align=\"justify\">Seg\u00fan trascendi\u00f3, los pedidos de encarar una protesta nacional\u00a0agropecuaria<strong>\u00a0ser\u00eda acompa\u00f1ada por Confederaci\u00f3n Intercooperativa\u00a0Agropecuaria\u00a0<\/strong>(CONINAGRO), que ahora es presidida por Egidio\u00a0Mailland, productor de Necochea.<\/div>\n<p align=\"justify\">Falta conocer cual ser\u00e1 la posici\u00f3n de Federaci\u00f3n Agraria\u00a0Argentina (FAA), conducida por el santafesino Omar Pr\u00edncipe. Desde el nucleamiento ruralista admitieron a DyN que la FAA de\u00a0<strong>Pr\u00edncipe deber\u00e1 definir su posici\u00f3n<\/strong>\u00a0ante los pedidos de protesta, ya que\u00a0en diciembre y enero pasado encar\u00f3 en soledad una serie de\u00a0tractorazos y movilizaciones en el Interior para que el Banco Naci\u00f3n\u00a0excluyera a los peque\u00f1os chacareros de la inhibici\u00f3n crediticia\u00a0lanzada en noviembre por la entidad financiera a los productores\u00a0tenedores de soja.<\/p>\n<p align=\"justify\">Fuente: <a title=\"Iprofesional\" href=\"http:\/\/www.iprofesional.com\/\"><span style=\"color: #0066cc;\">Iprofesional<\/span><\/a><\/p>\n<\/div>\n","protected":false},"excerpt":{"rendered":"<p>Tanto la CRA como la Sociedad Rural impulsar\u00e1n nuevas convocatorias populares en la pr\u00f3xima reuni\u00f3n de la Mesa de Enlace, que se concretar\u00e1 este viernes.<\/p>\n","protected":false},"author":5,"featured_media":0,"comment_status":"open","ping_status":"open","sticky":false,"template":"","format":"standard","meta":[],"categories":[14],"tags":[1839,1840,34],"_links":{"self":[{"href":"http:\/\/rurallascolonias.com.ar\/index.php?rest_route=\/wp\/v2\/posts\/5762"}],"collection":[{"href":"http:\/\/rurallascolonias.com.ar\/index.php?rest_route=\/wp\/v2\/posts"}],"about":[{"href":"http:\/\/rurallascolonias.com.ar\/index.php?rest_route=\/wp\/v2\/types\/post"}],"author":[{"embeddable":true,"href":"http:\/\/rurallascolonias.com.ar\/index.php?rest_route=\/wp\/v2\/users\/5"}],"replies":[{"embeddable":true,"href":"http:\/\/rurallascolonias.com.ar\/index.php?rest_route=%2Fwp%2Fv2%2Fcomments&post=5762"}],"version-history":[{"count":1,"href":"http:\/\/rurallascolonias.com.ar\/index.php?rest_route=\/wp\/v2\/posts\/5762\/revisions"}],"predecessor-version":[{"id":5764,"href":"http:\/\/rurallascolonias.com.ar\/index.php?rest_route=\/wp\/v2\/posts\/5762\/revisions\/5764"}],"wp:attachment":[{"href":"http:\/\/rurallascolonias.com.ar\/index.php?rest_route=%2Fwp%2Fv2%2Fmedia&parent=5762"}],"wp:term":[{"taxonomy":"category","embeddable":true,"href":"http:\/\/rurallascolonias.com.ar\/index.php?rest_route=%2Fwp%2Fv2%2Fcategories&post=5762"},{"taxonomy":"post_tag","embeddable":true,"href":"http:\/\/rurallascolonias.com.ar\/index.php?rest_route=%2Fwp%2Fv2%2Ftags&post=5762"}],"curies":[{"name":"wp","href":"https:\/\/api.w.org\/{rel}","templated":true}]}}