{"id":5756,"date":"2015-02-19T10:31:48","date_gmt":"2015-02-19T10:31:48","guid":{"rendered":"http:\/\/rurallascolonias.com.ar\/?p=5756"},"modified":"2015-02-19T10:31:48","modified_gmt":"2015-02-19T10:31:48","slug":"en-marzo-la-leche-se-pagara-como-en-este-mes","status":"publish","type":"post","link":"http:\/\/rurallascolonias.com.ar\/?p=5756","title":{"rendered":"En marzo la leche se pagar\u00e1 como en este mes"},"content":{"rendered":"<p><a href=\"http:\/\/rurallascolonias.com.ar\/wp-content\/uploads\/2015\/02\/En-marzo-la-leche-se-pagar\u00e1-como-en-este-mes-300x300.jpg\"><img loading=\"lazy\" class=\"aligncenter size-full wp-image-5757\" src=\"http:\/\/rurallascolonias.com.ar\/wp-content\/uploads\/2015\/02\/En-marzo-la-leche-se-pagar\u00e1-como-en-este-mes-300x300.jpg\" alt=\"En-marzo-la-leche-se-pagar\u00e1-como-en-este-mes-300x300\" width=\"300\" height=\"300\" srcset=\"http:\/\/rurallascolonias.com.ar\/wp-content\/uploads\/2015\/02\/En-marzo-la-leche-se-pagar\u00e1-como-en-este-mes-300x300.jpg 300w, http:\/\/rurallascolonias.com.ar\/wp-content\/uploads\/2015\/02\/En-marzo-la-leche-se-pagar\u00e1-como-en-este-mes-300x300-150x150.jpg 150w\" sizes=\"(max-width: 300px) 100vw, 300px\" \/><\/a>La materia prima producida durante febrero no tendr\u00e1 nuevos ajustes en baja, seg\u00fan se inform\u00f3 durante la reuni\u00f3n de ayer en el Ministerio de la Producci\u00f3n. La coyuntura y el futuro se debatieron en la capital provincial, con la mirada puesta en el alza de precios internacionales. En breve habr\u00e1 nuevos cr\u00e9ditos con tasa subsidiada a disposici\u00f3n.<!--more--><\/p>\n<p>Se posterg\u00f3 una semana, pero ayer a las 11 de la ma\u00f1ana el Ministerio de la Producci\u00f3n provincial abri\u00f3 sus puertas, para generar el segundo encuentro de la Mesa Lechera que se hab\u00eda promovido el mes anterior cuando la baja empezaba a generar sus ecos en el pago de la materia prima. De esa iniciativa surgi\u00f3 un espacio de puesta en com\u00fan que result\u00f3 interesante para tamberos, instituciones, pero tambi\u00e9n para industriales, por lo tanto en la cita de ayer se pudieron escuchar las diferentes posturas y as\u00ed entender que es posible sentar a todos juntos para debatir.<\/p>\n<p>Encabezado el encuentro por el ministro de la Producci\u00f3n, Carlos Fascendini, sirvi\u00f3 primordialmente para volver a plantear la realidad sectorial. Pocos mercados disponibles, falta de competitividad del d\u00f3lar marcaron el inicio de un a\u00f1o que ahora presenta episodios de sequ\u00eda en Ocean\u00eda, pero tambi\u00e9n en Brasil, con lo cual comienzan a cambiarse las perspectivas en cuanto a los precios. Ayer en este Diario se pod\u00eda leer el resultado del cuarto remate electr\u00f3nico de la principal cooperativa lechera a nivel mundial. Fonterra dej\u00f3 en su evento del martes una negociaci\u00f3n con ofertas de volumen 18 por ciento menos que a principios de febrero, pero con un aumento en los precios de los l\u00e1cteos del significativos, siendo la leche entera en polvo la que con 3.272 d\u00f3lares por tonelada gan\u00f3 13,7 por ciento, lo cual permite calcular en 29 por ciento m\u00e1s los precios promedio desde la \u00faltima subasta del a\u00f1o 2014.<\/p>\n<p>Si a esto se le a\u00f1ade que la Argentina, por lo general, negocia con cifras m\u00e1s elevadas las toneladas de productos en el exterior, se permite entender que para mediados del a\u00f1o, podr\u00eda llegarse a n\u00fameros de hasta 3.800 d\u00f3lares por tonelada, seg\u00fan la comercializaci\u00f3n internacional y del mismo modo la progresi\u00f3n se dar\u00eda en los acuerdos comerciales que vayan cerrando las diferentes industrias y traders, sobre todo de quesos y leche.<\/p>\n<p>En concreto, ayer cerca del mediod\u00eda se confirm\u00f3 que las empresas pagar\u00e1n por la materia prima producida este mes, que tiene una contracci\u00f3n de hasta 25 puntos porcentuales en volumen, los mismos precios que se abonaron recientemente. Marzo no tendr\u00e1 bajas y eso ya es una buena noticia. Incluso se considera que de seguir as\u00ed la situaci\u00f3n de menor producci\u00f3n y mayor necesidad industrial de leche, ser\u00edan algunas empresas las que puedan definir comenzar a ajustar algunos centavos los pagos, entonces mismo precio o levemente superior al pagado por la leche de enero ser\u00eda el que se registre con el inicio de marzo.<\/p>\n<p>Claro que en la reuni\u00f3n los autoconvocados pidieron que para poder negociar en iguales condiciones, lo que corresponder\u00eda es recibir una devoluci\u00f3n de los seis a diez centavos recortados en las liquidaciones anteriores, hecho in\u00e9dito que no va a suceder. As\u00ed se manifest\u00f3 Daniel Oggero, tambero de Ramona que encabeza el nuevo movimiento autoconvocado que liderara las protestas de las \u00faltimas semanas en las que no se pudieron impedir las bajas de precios, que promete generar su personer\u00eda jur\u00eddica para una nueva entidad, pero que agreg\u00f3 que \u201chay que cambiar las actitudes y la industria tiene que dejar de quedarse con el dinero que no le corresponde\u201d.<\/p>\n<p>De todas maneras, la Provincia enunci\u00f3 que ya puso a disposici\u00f3n de fondos, como se hiciera el a\u00f1o pasado, con el cinco por ciento de tasa de ajuste subsidiada, esperando la misma actitud de la Naci\u00f3n, para que los productores puedan acceder a cr\u00e9ditos que permitan mejorar las condiciones de cada explotaci\u00f3n. De todas maneras, con menos dinero en el bolsillo es muy dif\u00edcil para los productores cargarse nuevas deudas. Se debe tener en cuenta que los costos hoy rondan los 3,60 pesos por litro para la producci\u00f3n y el promedio de pago est\u00e1 por debajo de los 3,20.<\/p>\n<p>\u201cLa idea es volver a encontrarnos la semana que viene en Santa Fe para terminar de delinear un pedido de acci\u00f3n a la Naci\u00f3n\u201d, coment\u00f3 Fernando C\u00f3rdoba, secretario de la Mesa de Productores de Leche de la provincia, a quien no se lo escuch\u00f3 muy ilusionado en cuanto a respuestas positivas y a diez meses del cambio de mando Ejecutivo. La intenci\u00f3n es bajar desde Santa Fe la petici\u00f3n de un subsidio para los tamberos, o bien para compensar las p\u00e9rdidas del sobrestock de las industrias y as\u00ed se pueda recuperar la capacidad de pago y con ello el precio.<\/p>\n<p>Finalmente, el vicepresidente de la Sociedad Rural de Rafaela sostuvo con agrado la intenci\u00f3n de las industrias de apoyar la promoci\u00f3n a nivel nacional de la Resoluci\u00f3n 439, la que enumera el Plan Lechero Santafesino, para poder ampliarlo al resto de las provincias lecheras. \u201cHay que poner en pr\u00e1ctica toda la Resoluci\u00f3n\u201d dijo Ricardo Andretich, entendiendo que en el momento que las industrias empiecen a informar por completo la composici\u00f3n de la leche que reciben y lo que pagan por ello, al conformar el precio de referencia y la leche de referencia, Santa Fe podr\u00e1 liderar el ordenamiento lechero en el cual se contemplan tambi\u00e9n posibilidades de contratos entre las partes, e incluso el desarrollo de una planta de secado de leche, de uso compartido entre pymes y tamberos, para mejorar las condiciones de competitividad, para lo cual en unos diez d\u00edas se conocer\u00e1n los resultados del estudio de factibilidad. En este sentido, ser\u00eda en unas dos semanas que se haga la reuni\u00f3n de partes con C\u00f3rdoba y Buenos Aires para ampliar la medida.<\/p>\n<p>Lo cierto es que la leche frena su ca\u00edda, que puede ajustar para arriba su precio y que el mercado m\u00e1s reducido en oferta termina empujando una situaci\u00f3n compleja donde la falta de competitividad del d\u00f3lar sigue siendo letal. Las decisiones se dan entre privados y los estados no pueden m\u00e1s que mediar, en esto la realidad demuestra la regla.<\/p>\n<p>M\u00e1s reuniones<\/p>\n<p>Hoy supuestamente la Naci\u00f3n recibir\u00eda a las empresas d\u00edscolas que decidieron bajar los precios, pero en el \u00e1mbito del Ministerio de Agricultura en la avenida Paseo Col\u00f3n, donde quiz\u00e1 intervengan funcionarios de Econom\u00eda, incluyendo a la Secretar\u00eda de Comercio Interior. En tanto ma\u00f1ana ser\u00eda el turno de la nueva entidad favorita del oficialismo, Federaci\u00f3n Agraria Argentina, para que Casamiquela los escuche sobre la situaci\u00f3n de las econom\u00edas regionales.<\/p>\n<p>Podr\u00eda ser la semana que viene que \u201cCoqui\u201d Capitanich, sin ning\u00fan tipo de avance vuelva a recibir a los autoconvocados, tal como lo hiciera en enero. Este grupo tambi\u00e9n aguarda una respuesta de convocatoria por parte de los directivos del Banco de la Naci\u00f3n Argentina.<\/p>\n<p>Por Elida Thiery (Diario Castellanos)<\/p>\n","protected":false},"excerpt":{"rendered":"<p>La materia prima producida durante febrero no tendr\u00e1 nuevos ajustes en baja, seg\u00fan se inform\u00f3 durante la reuni\u00f3n de ayer en el Ministerio de la Producci\u00f3n. La coyuntura y el futuro se debatieron en la capital provincial, con la mirada puesta en el alza de precios internacionales. En breve habr\u00e1 nuevos cr\u00e9ditos con tasa subsidiada [&hellip;]<\/p>\n","protected":false},"author":5,"featured_media":0,"comment_status":"open","ping_status":"open","sticky":false,"template":"","format":"standard","meta":[],"categories":[46],"tags":[47,1837],"_links":{"self":[{"href":"http:\/\/rurallascolonias.com.ar\/index.php?rest_route=\/wp\/v2\/posts\/5756"}],"collection":[{"href":"http:\/\/rurallascolonias.com.ar\/index.php?rest_route=\/wp\/v2\/posts"}],"about":[{"href":"http:\/\/rurallascolonias.com.ar\/index.php?rest_route=\/wp\/v2\/types\/post"}],"author":[{"embeddable":true,"href":"http:\/\/rurallascolonias.com.ar\/index.php?rest_route=\/wp\/v2\/users\/5"}],"replies":[{"embeddable":true,"href":"http:\/\/rurallascolonias.com.ar\/index.php?rest_route=%2Fwp%2Fv2%2Fcomments&post=5756"}],"version-history":[{"count":1,"href":"http:\/\/rurallascolonias.com.ar\/index.php?rest_route=\/wp\/v2\/posts\/5756\/revisions"}],"predecessor-version":[{"id":5758,"href":"http:\/\/rurallascolonias.com.ar\/index.php?rest_route=\/wp\/v2\/posts\/5756\/revisions\/5758"}],"wp:attachment":[{"href":"http:\/\/rurallascolonias.com.ar\/index.php?rest_route=%2Fwp%2Fv2%2Fmedia&parent=5756"}],"wp:term":[{"taxonomy":"category","embeddable":true,"href":"http:\/\/rurallascolonias.com.ar\/index.php?rest_route=%2Fwp%2Fv2%2Fcategories&post=5756"},{"taxonomy":"post_tag","embeddable":true,"href":"http:\/\/rurallascolonias.com.ar\/index.php?rest_route=%2Fwp%2Fv2%2Ftags&post=5756"}],"curies":[{"name":"wp","href":"https:\/\/api.w.org\/{rel}","templated":true}]}}