{"id":5711,"date":"2015-02-13T15:12:21","date_gmt":"2015-02-13T15:12:21","guid":{"rendered":"http:\/\/rurallascolonias.com.ar\/?p=5711"},"modified":"2015-02-13T15:12:21","modified_gmt":"2015-02-13T15:12:21","slug":"comunicado-de-la-mesa-nacional-de-productores-de-leche","status":"publish","type":"post","link":"http:\/\/rurallascolonias.com.ar\/?p=5711","title":{"rendered":"Comunicado de la Mesa Nacional de productores de leche"},"content":{"rendered":"<p><span style=\"color: #333333;\"><a href=\"http:\/\/rurallascolonias.com.ar\/wp-content\/uploads\/2015\/02\/tambos-2.jpg\"><img loading=\"lazy\" class=\"aligncenter size-full wp-image-5712\" src=\"http:\/\/rurallascolonias.com.ar\/wp-content\/uploads\/2015\/02\/tambos-2.jpg\" alt=\"tambos 2\" width=\"274\" height=\"184\" \/><\/a>La Mesa Nacional de Productores de Leche se reuni\u00f3 ayer en la sede central de Federaci\u00f3n Agraria Argentina, en Rosario.<\/span><!--more--><\/p>\n<p style=\"color: #333333;\" align=\"justify\">Con la recepci\u00f3n de las liquidaciones correspondientes al mes de enero, se confirm\u00f3 la decisi\u00f3n unilateral de la industria de bajar 10 centavos en el precio que perciben los productores por litro de leche.<\/p>\n<p style=\"color: #333333;\" align=\"justify\">Los dirigentes de las organizaciones nucleadas en la MNPL manifiestan que es una p\u00e9sima noticia, que va a llevar al quebranto y la desaparici\u00f3n a muchos tambos, con el consecuente impacto social.<\/p>\n<p style=\"color: #333333;\" align=\"justify\">Este es el resultado de las erradas pol\u00edticas aplicadas para el sector por este gobierno.<\/p>\n<p style=\"color: #333333;\" align=\"justify\">Desde la Mesa Nacional de Productores de Leche se sostiene que en este contexto de alta inflaci\u00f3n y aumento en los costos, los tamberos necesitamos una mejora en el precio que ven\u00edamos recibiendo para poder subsistir en la actividad.<\/p>\n<p style=\"color: #333333;\" align=\"justify\">Y en lugar de valor creciente, tenemos una baja, decidida por la industria y avalada por el gobierno. Seg\u00fan nuestras estimaciones, la producci\u00f3n lechera nacional cay\u00f3 aproximadamente un 30 por ciento.<\/p>\n<p style=\"color: #333333;\" align=\"justify\">La MNPL recuerda que fue solicitada al MINAGRI una audiencia de la que tambi\u00e9n deber\u00eda participar la industria y los gobiernos provinciales, pero el pedido hasta ahora no obtuvo respuesta.<\/p>\n<p style=\"color: #333333;\" align=\"justify\">Adem\u00e1s, se decidi\u00f3 analizar la problem\u00e1tica en conjunto con la\u00a0<b>Comisi\u00f3n de Enlace<\/b>, al tiempo que solicitar\u00e1n reuni\u00f3n a los ejecutivos de las principales industrias l\u00e1cteas del pa\u00eds para analizar el futuro de la actividad.<\/p>\n<p style=\"color: #333333;\" align=\"justify\"><b>No descartamos medidas de fuerza en el corto plazo, si no aparecen las soluciones.<\/b><\/p>\n<p style=\"color: #333333;\" align=\"justify\">Rosario, 12 de febrero de 2015.<\/p>\n<p style=\"color: #333333;\" align=\"justify\">\n<p style=\"color: #333333;\" align=\"justify\"><b>Mesa Nacional de Productores de Leche.<\/b><\/p>\n<p style=\"color: #333333;\" align=\"justify\">Asociaci\u00f3n de Productores de Leche, C\u00e1mara de Productores de Leche de Entre R\u00edos, C\u00e1mara de Productores de Leche de la Cuenca Oeste de Buenos Aires, C\u00e1mara de Productores de Leche del Abasto Norte, C\u00e1mara de Productores de Leche del Abasto Sur, Confederaci\u00f3n Intercooperativa Agropecuaria, Confederaciones Rurales Argentinas, Federaci\u00f3n Agraria Argentina, Federaci\u00f3n de Centros Tamberos de la Provincia de Santa Fe, Frente Agropecuario Nacional, Productores de leche del Sur de Santa Fe y C\u00f3rdoba, Sociedad Rural Argentina, Uni\u00f3n General de Tamberos, Uni\u00f3n Productores de Leche Cuenca Mar y Sierra<\/p>\n<p style=\"color: #333333;\" align=\"justify\">CRA<\/p>\n","protected":false},"excerpt":{"rendered":"<p>La Mesa Nacional de Productores de Leche se reuni\u00f3 ayer en la sede central de Federaci\u00f3n Agraria Argentina, en Rosario.<\/p>\n","protected":false},"author":5,"featured_media":0,"comment_status":"open","ping_status":"open","sticky":false,"template":"","format":"standard","meta":[],"categories":[29],"tags":[1826,463],"_links":{"self":[{"href":"http:\/\/rurallascolonias.com.ar\/index.php?rest_route=\/wp\/v2\/posts\/5711"}],"collection":[{"href":"http:\/\/rurallascolonias.com.ar\/index.php?rest_route=\/wp\/v2\/posts"}],"about":[{"href":"http:\/\/rurallascolonias.com.ar\/index.php?rest_route=\/wp\/v2\/types\/post"}],"author":[{"embeddable":true,"href":"http:\/\/rurallascolonias.com.ar\/index.php?rest_route=\/wp\/v2\/users\/5"}],"replies":[{"embeddable":true,"href":"http:\/\/rurallascolonias.com.ar\/index.php?rest_route=%2Fwp%2Fv2%2Fcomments&post=5711"}],"version-history":[{"count":1,"href":"http:\/\/rurallascolonias.com.ar\/index.php?rest_route=\/wp\/v2\/posts\/5711\/revisions"}],"predecessor-version":[{"id":5713,"href":"http:\/\/rurallascolonias.com.ar\/index.php?rest_route=\/wp\/v2\/posts\/5711\/revisions\/5713"}],"wp:attachment":[{"href":"http:\/\/rurallascolonias.com.ar\/index.php?rest_route=%2Fwp%2Fv2%2Fmedia&parent=5711"}],"wp:term":[{"taxonomy":"category","embeddable":true,"href":"http:\/\/rurallascolonias.com.ar\/index.php?rest_route=%2Fwp%2Fv2%2Fcategories&post=5711"},{"taxonomy":"post_tag","embeddable":true,"href":"http:\/\/rurallascolonias.com.ar\/index.php?rest_route=%2Fwp%2Fv2%2Ftags&post=5711"}],"curies":[{"name":"wp","href":"https:\/\/api.w.org\/{rel}","templated":true}]}}