{"id":5611,"date":"2015-02-05T17:14:35","date_gmt":"2015-02-05T17:14:35","guid":{"rendered":"http:\/\/rurallascolonias.com.ar\/?p=5611"},"modified":"2015-02-05T17:14:35","modified_gmt":"2015-02-05T17:14:35","slug":"cafi-solicito-medidas-extraordinarias-por-el-panorama-desolador-que-atraviesan-los-fruticultores","status":"publish","type":"post","link":"http:\/\/rurallascolonias.com.ar\/?p=5611","title":{"rendered":"CAFI solicit\u00f3 medidas extraordinarias por el panorama desolador que atraviesan los fruticultores"},"content":{"rendered":"<h2><a href=\"http:\/\/rurallascolonias.com.ar\/wp-content\/uploads\/2015\/02\/fruticultores-2.png\"><img loading=\"lazy\" class=\"aligncenter size-full wp-image-5612\" src=\"http:\/\/rurallascolonias.com.ar\/wp-content\/uploads\/2015\/02\/fruticultores-2.png\" alt=\"fruticultores 2\" width=\"252\" height=\"178\" \/><\/a>Con una competitividad menguada, pedidos de reivindicaciones salariales que superan las posibilidades del sector y las consecuencias del clima, la entidad busca que el Gobierno brinde respuestas r\u00e1pidas.<\/h2>\n<p><!--more--><\/p>\n<p>Desde noviembre del a\u00f1o pasado la C\u00e1mara Argentina de Fruticultores Integrados (CAFI)<\/p>\n<p>manifiesta su preocupaci\u00f3n por los efectos del escenario que se preve\u00eda para la temporada que transcurre, que incluye una competitividad menguada, agravada con la crisis de los mercados internacionales, y pedidos de reivindicaciones salariales que superan las posibilidades del sector.<\/p>\n<p>Adem\u00e1s, toda la actividad sufri\u00f3 los efectos de una medida de fuerza sindical que paraliz\u00f3 a toda la regi\u00f3n en el medio de inicio de la cosecha. A todo eso, debe sum\u00e1rsele \u00a0que los productores deben atravesar los efectos de una granizada nunca vista antes en la historia del valle, con p\u00e9rdidas millonarias y efectos que ir\u00e1n m\u00e1s all\u00e1 de este a\u00f1o, generando en muchos casos da\u00f1o en las plantas que repercutir\u00e1n en la pr\u00f3xima cosecha, as\u00ed como la p\u00e9rdida o disminuci\u00f3n de empleo en toda la cadena.<\/p>\n<p>Ante ese escenario, desde la entidad solicitaron medidas extraordinarias y urgentes tales como la declaraci\u00f3n de Emergencia\/Desastre Agropecuario a nivel provincial y nacional, la instrumentaci\u00f3n de medidas extraordinarias a nivel previsional, la urgente implementaci\u00f3n de las medidas acordadas con el gobierno nacional y la exenci\u00f3n de Ingresos Brutos provinciales para la actividad, resultan como m\u00ednimo las acciones a implementar en lo inmediato.<\/p>\n<p>\u201cRatificamos una vez m\u00e1s nuestra voluntad de seguir trabajando con todos los estamentos p\u00fablicos y privados, para buscar soluciones a este problema, pero necesitamos concreciones urgentes, los tiempos se agotan y el valle se desangra. Si no se instrumentan las medidas en los pr\u00f3ximos d\u00edas, peligra el sistema productivo del valle y con ello miles de puestos de trabajo\u201d<\/p>\n<p><strong>Fuente: Nuestro Agro<\/strong><\/p>\n","protected":false},"excerpt":{"rendered":"<p>Con una competitividad menguada, pedidos de reivindicaciones salariales que superan las posibilidades del sector y las consecuencias del clima, la entidad busca que el Gobierno brinde respuestas r\u00e1pidas.<\/p>\n","protected":false},"author":5,"featured_media":0,"comment_status":"open","ping_status":"open","sticky":false,"template":"","format":"standard","meta":[],"categories":[14],"tags":[1803],"_links":{"self":[{"href":"http:\/\/rurallascolonias.com.ar\/index.php?rest_route=\/wp\/v2\/posts\/5611"}],"collection":[{"href":"http:\/\/rurallascolonias.com.ar\/index.php?rest_route=\/wp\/v2\/posts"}],"about":[{"href":"http:\/\/rurallascolonias.com.ar\/index.php?rest_route=\/wp\/v2\/types\/post"}],"author":[{"embeddable":true,"href":"http:\/\/rurallascolonias.com.ar\/index.php?rest_route=\/wp\/v2\/users\/5"}],"replies":[{"embeddable":true,"href":"http:\/\/rurallascolonias.com.ar\/index.php?rest_route=%2Fwp%2Fv2%2Fcomments&post=5611"}],"version-history":[{"count":1,"href":"http:\/\/rurallascolonias.com.ar\/index.php?rest_route=\/wp\/v2\/posts\/5611\/revisions"}],"predecessor-version":[{"id":5613,"href":"http:\/\/rurallascolonias.com.ar\/index.php?rest_route=\/wp\/v2\/posts\/5611\/revisions\/5613"}],"wp:attachment":[{"href":"http:\/\/rurallascolonias.com.ar\/index.php?rest_route=%2Fwp%2Fv2%2Fmedia&parent=5611"}],"wp:term":[{"taxonomy":"category","embeddable":true,"href":"http:\/\/rurallascolonias.com.ar\/index.php?rest_route=%2Fwp%2Fv2%2Fcategories&post=5611"},{"taxonomy":"post_tag","embeddable":true,"href":"http:\/\/rurallascolonias.com.ar\/index.php?rest_route=%2Fwp%2Fv2%2Ftags&post=5611"}],"curies":[{"name":"wp","href":"https:\/\/api.w.org\/{rel}","templated":true}]}}