{"id":5595,"date":"2015-02-04T11:30:43","date_gmt":"2015-02-04T11:30:43","guid":{"rendered":"http:\/\/rurallascolonias.com.ar\/?p=5595"},"modified":"2015-02-04T11:30:43","modified_gmt":"2015-02-04T11:30:43","slug":"el-gobierno-trataria-de-evitar-recortes-del-5","status":"publish","type":"post","link":"http:\/\/rurallascolonias.com.ar\/?p=5595","title":{"rendered":"El gobierno tratar\u00eda de evitar recortes del 5%"},"content":{"rendered":"<p><strong><em><a href=\"http:\/\/rurallascolonias.com.ar\/wp-content\/uploads\/2014\/12\/leche-3.png\"><img loading=\"lazy\" class=\"aligncenter size-full wp-image-5014\" src=\"http:\/\/rurallascolonias.com.ar\/wp-content\/uploads\/2014\/12\/leche-3.png\" alt=\"leche 3\" width=\"303\" height=\"166\" srcset=\"http:\/\/rurallascolonias.com.ar\/wp-content\/uploads\/2014\/12\/leche-3.png 303w, http:\/\/rurallascolonias.com.ar\/wp-content\/uploads\/2014\/12\/leche-3-300x164.png 300w\" sizes=\"(max-width: 303px) 100vw, 303px\" \/><\/a><span style=\"font-weight: normal; font-style: normal; color: #333333;\">Lo inform\u00f3 ayer el jefe de Gabinete, Jorge Capitanich, durante su habitual contacto matinal con la prensa en Casa de Gobierno<\/span><\/em><\/strong><!--more--><\/p>\n<div class=\"vsmcontent\" style=\"color: #333333;\">\n<p style=\"color: #333333;\"><b>El Gobierno<\/b>, a trav\u00e9s de la Secretara de Comercio,\u00a0<b>trabajaba para forzar un acuerdo con las empresas l\u00e1cteas<\/b>Milkaut, Ver\u00f3nica e Ilolay, q<b>ue permita sostener el precio de la leche cruda<\/b>\u00a0que pagan a su red de tambos, y evitar el anunciado recorte de 5 por ciento.<\/p>\n<p style=\"color: #333333;\">As\u00ed lo inform\u00f3 ayer el jefe de Gabinete, Jorge Capitanich, durante su habitual contacto matinal con la prensa en Casa de Gobierno, siendo esta tratativa ratificada por el referente tambero de la Federaci\u00f3n Agraria Argentina en Santa Fe, Daniel Oggero.<br \/>\n<b>\u00abHasta esta tarde nada est\u00e1 definido, todav\u00eda no\u00bb<\/b>, consign\u00f3 el ruralista en di\u00e1logo con DyN, tras ser consultado sobre las tratativas oficiales para frenar el recorte anunciado por algunas empresas l\u00e1cteas para llevar el precio de la materia prima a $ 3,10 en la facturaci\u00f3n correspondiente a enero.<\/p>\n<p style=\"color: #333333;\"><b>Oggero coment\u00f3 que \u00absab\u00edamos eso\u00bb, cuando se cumpli\u00f3 en las \u00faltimas horas con la llamada \u00abCaravana Lechera\u00bb que llev\u00f3 a un grupo de tamberos a manifestarse frente a plantas de Rafaela y Lema, en Santa Fe.<\/b><br \/>\n\u00abHay pedidos de audiencia cursados a la Jefatura de Gabinete, ya que el 5 \u00f3 6 (de febrero) se tiene que imprimir la liquidaci\u00f3n\u00bb de la leche entregada en enero y cuya facturaci\u00f3n se cobrar\u00e1 desde mediados del presente mes, expres\u00f3.<\/p>\n<p style=\"color: #333333;\"><b>OPINI\u00d3N<\/b><\/p>\n<figure id=\"vsmv47541v13\" class=\"vsmimage\" contenteditable=\"false\"><img loading=\"lazy\" id=\"vsmv47541v12\" src=\"http:\/\/www.agritotal.com\/files\/image\/11\/11227\/54d1fb7508d4c_644_113!.jpg\" alt=\"\" width=\"644\" height=\"113\" data-vsmid=\"11227\" data-owidth=\"667\" data-oheight=\"117\" \/><\/figure>\n<p style=\"color: #333333;\">Fuente: El Cronista<\/p>\n<\/div>\n<div class=\"copyright\" style=\"color: #333333;\">\n<div class=\"author\">Agritotal.com<\/div>\n<\/div>\n<div class=\"sharecontent\" style=\"color: #333333;\">\n<div id=\"fb-root\" class=\" fb_reset\" style=\"color: #000000;\">\n<div><\/div>\n<\/div>\n<\/div>\n","protected":false},"excerpt":{"rendered":"<p>Lo inform\u00f3 ayer el jefe de Gabinete, Jorge Capitanich, durante su habitual contacto matinal con la prensa en Casa de Gobierno<\/p>\n","protected":false},"author":5,"featured_media":0,"comment_status":"open","ping_status":"open","sticky":false,"template":"","format":"standard","meta":[],"categories":[42],"tags":[176,1801],"_links":{"self":[{"href":"http:\/\/rurallascolonias.com.ar\/index.php?rest_route=\/wp\/v2\/posts\/5595"}],"collection":[{"href":"http:\/\/rurallascolonias.com.ar\/index.php?rest_route=\/wp\/v2\/posts"}],"about":[{"href":"http:\/\/rurallascolonias.com.ar\/index.php?rest_route=\/wp\/v2\/types\/post"}],"author":[{"embeddable":true,"href":"http:\/\/rurallascolonias.com.ar\/index.php?rest_route=\/wp\/v2\/users\/5"}],"replies":[{"embeddable":true,"href":"http:\/\/rurallascolonias.com.ar\/index.php?rest_route=%2Fwp%2Fv2%2Fcomments&post=5595"}],"version-history":[{"count":1,"href":"http:\/\/rurallascolonias.com.ar\/index.php?rest_route=\/wp\/v2\/posts\/5595\/revisions"}],"predecessor-version":[{"id":5596,"href":"http:\/\/rurallascolonias.com.ar\/index.php?rest_route=\/wp\/v2\/posts\/5595\/revisions\/5596"}],"wp:attachment":[{"href":"http:\/\/rurallascolonias.com.ar\/index.php?rest_route=%2Fwp%2Fv2%2Fmedia&parent=5595"}],"wp:term":[{"taxonomy":"category","embeddable":true,"href":"http:\/\/rurallascolonias.com.ar\/index.php?rest_route=%2Fwp%2Fv2%2Fcategories&post=5595"},{"taxonomy":"post_tag","embeddable":true,"href":"http:\/\/rurallascolonias.com.ar\/index.php?rest_route=%2Fwp%2Fv2%2Ftags&post=5595"}],"curies":[{"name":"wp","href":"https:\/\/api.w.org\/{rel}","templated":true}]}}