{"id":5585,"date":"2015-02-03T23:49:17","date_gmt":"2015-02-03T23:49:17","guid":{"rendered":"http:\/\/rurallascolonias.com.ar\/?p=5585"},"modified":"2015-02-03T23:49:17","modified_gmt":"2015-02-03T23:49:17","slug":"preocupacion-por-las-graves-inundaciones-en-santa-fe-y-santiago-del-estero","status":"publish","type":"post","link":"http:\/\/rurallascolonias.com.ar\/?p=5585","title":{"rendered":"Preocupaci\u00f3n por las graves inundaciones en Santa Fe y Santiago del Estero"},"content":{"rendered":"<div class=\"description\"><a href=\"http:\/\/rurallascolonias.com.ar\/wp-content\/uploads\/2015\/02\/inundaciones-2.png\"><img loading=\"lazy\" class=\"aligncenter size-full wp-image-5586\" src=\"http:\/\/rurallascolonias.com.ar\/wp-content\/uploads\/2015\/02\/inundaciones-2.png\" alt=\"inundaciones 2\" width=\"337\" height=\"149\" srcset=\"http:\/\/rurallascolonias.com.ar\/wp-content\/uploads\/2015\/02\/inundaciones-2.png 337w, http:\/\/rurallascolonias.com.ar\/wp-content\/uploads\/2015\/02\/inundaciones-2-300x132.png 300w\" sizes=\"(max-width: 337px) 100vw, 337px\" \/><\/a>Con precipitaciones que superan largamente la ca\u00edda de lluvia promedio, departamentos santafesinos como los de San Crist\u00f3bal, 9 de julio y General Obligado, entre muchos m\u00e1s, sufren el anegamiento de los campos que terminar\u00e1 desembocando en enormes p\u00e9rdida.<\/div>\n<p><!--more--><\/p>\n<div class=\"authorinfo\"><\/div>\n<div class=\"vsmcontent\">\n<p align=\"justify\">Confederaciones Rurales Argentinas (CRA) expresa su profunda preocupaci\u00f3n por las inundaciones que afectan a todo el norte de la provincia de Santa Fe y algunas regiones del sureste de la provincia de Santiago del Estero, entre otros puntos del pa\u00eds.<\/p>\n<p>Con precipitaciones que superan largamente la ca\u00edda de lluvia promedio, departamentos santafesinos como los de San Crist\u00f3bal, 9 de julio y General Obligado, entre muchos m\u00e1s, sufren el anegamiento de los campos que terminar\u00e1 desembocando en enormes p\u00e9rdidas para los productores agropecuarios afectados y por consecuencia para toda la econom\u00eda regional.<\/p>\n<p>Con perspectivas clim\u00e1ticas nada alentadoras para los pr\u00f3ximos meses, en cuanto a los cultivos existen problemas con la cosecha del girasol, inconvenientes para culminar la siembra de soja e imposibilidad de ingresar a los campos para hacer el control de maleza y fumigaciones. En ganader\u00eda, en tanto, el anegamiento provoc\u00f3 el traslado de animales a otros terrenos.<\/p>\n<p>Estas tristes circunstancias que hoy vive el norte de Santa Fe tambi\u00e9n se repiten en otras regiones como el sureste de la provincia de Santiago del Estero donde diferentes campos, parajes y localidades est\u00e1n seriamente complicadas para la actividad agropecuaria con p\u00e9rdidas ya estimadas en 200.000 hect\u00e1reas con el 70% de soja y 30% de ma\u00edz afectado.<\/p>\n<p>En este mismo sentido CRA insiste en que el Ministerio de Agricultura de la Naci\u00f3n convoque de manera urgente a la Comisi\u00f3n Nacional de Emergencia Agropecuaria para tratar las adversas situaciones que viven estas provincias junto con otras.<\/p>\n<p align=\"justify\">Fuente: <a title=\"Infocampo\" href=\"http:\/\/infocampo.com.ar\/\"><span style=\"color: #0066cc;\">Infocampo<\/span><\/a><\/p>\n<\/div>\n","protected":false},"excerpt":{"rendered":"<p>Con precipitaciones que superan largamente la ca\u00edda de lluvia promedio, departamentos santafesinos como los de San Crist\u00f3bal, 9 de julio y General Obligado, entre muchos m\u00e1s, sufren el anegamiento de los campos que terminar\u00e1 desembocando en enormes p\u00e9rdida.<\/p>\n","protected":false},"author":5,"featured_media":0,"comment_status":"open","ping_status":"open","sticky":false,"template":"","format":"standard","meta":[],"categories":[42],"tags":[523,375,119,1798],"_links":{"self":[{"href":"http:\/\/rurallascolonias.com.ar\/index.php?rest_route=\/wp\/v2\/posts\/5585"}],"collection":[{"href":"http:\/\/rurallascolonias.com.ar\/index.php?rest_route=\/wp\/v2\/posts"}],"about":[{"href":"http:\/\/rurallascolonias.com.ar\/index.php?rest_route=\/wp\/v2\/types\/post"}],"author":[{"embeddable":true,"href":"http:\/\/rurallascolonias.com.ar\/index.php?rest_route=\/wp\/v2\/users\/5"}],"replies":[{"embeddable":true,"href":"http:\/\/rurallascolonias.com.ar\/index.php?rest_route=%2Fwp%2Fv2%2Fcomments&post=5585"}],"version-history":[{"count":1,"href":"http:\/\/rurallascolonias.com.ar\/index.php?rest_route=\/wp\/v2\/posts\/5585\/revisions"}],"predecessor-version":[{"id":5587,"href":"http:\/\/rurallascolonias.com.ar\/index.php?rest_route=\/wp\/v2\/posts\/5585\/revisions\/5587"}],"wp:attachment":[{"href":"http:\/\/rurallascolonias.com.ar\/index.php?rest_route=%2Fwp%2Fv2%2Fmedia&parent=5585"}],"wp:term":[{"taxonomy":"category","embeddable":true,"href":"http:\/\/rurallascolonias.com.ar\/index.php?rest_route=%2Fwp%2Fv2%2Fcategories&post=5585"},{"taxonomy":"post_tag","embeddable":true,"href":"http:\/\/rurallascolonias.com.ar\/index.php?rest_route=%2Fwp%2Fv2%2Ftags&post=5585"}],"curies":[{"name":"wp","href":"https:\/\/api.w.org\/{rel}","templated":true}]}}