{"id":5572,"date":"2015-01-27T12:03:37","date_gmt":"2015-01-27T12:03:37","guid":{"rendered":"http:\/\/rurallascolonias.com.ar\/?p=5572"},"modified":"2015-01-27T12:03:37","modified_gmt":"2015-01-27T12:03:37","slug":"productores-insisten-en-que-la-ineficiencia-esta-dentro-del-sector-industrial","status":"publish","type":"post","link":"http:\/\/rurallascolonias.com.ar\/?p=5572","title":{"rendered":"Productores insisten en que \u201cla ineficiencia est\u00e1 dentro del sector industrial\u201d"},"content":{"rendered":"<p><a href=\"http:\/\/rurallascolonias.com.ar\/wp-content\/uploads\/2015\/01\/productores-2.png\"><img loading=\"lazy\" class=\"aligncenter size-full wp-image-5573\" src=\"http:\/\/rurallascolonias.com.ar\/wp-content\/uploads\/2015\/01\/productores-2.png\" alt=\"productores 2\" width=\"306\" height=\"165\" srcset=\"http:\/\/rurallascolonias.com.ar\/wp-content\/uploads\/2015\/01\/productores-2.png 306w, http:\/\/rurallascolonias.com.ar\/wp-content\/uploads\/2015\/01\/productores-2-300x161.png 300w\" sizes=\"(max-width: 306px) 100vw, 306px\" \/><\/a>Productores lanzaron duras cr\u00edticas al sector empresario y aseguran que de darse la baja en el predio de la leche corre riesgo de desaparecer una gran cantidad de productores de todo el pa\u00eds<!--more--><\/p>\n<p>Productores lechero de C\u00f3rdoba, Santa Fe y Santiago del Estero renovaron los reclamos ante el anuncio de varias industrias l\u00e1cteas de bajarle el precio del litro de leche a partir de febrero.<br \/>\nSeg\u00fan remarcaron los referentes de la producci\u00f3n, una baja en el precio que vienen percibiendo complicar\u00eda a\u00fan m\u00e1s la situaci\u00f3n de endeudamiento que tienen y terminar\u00eda derivando directamente en el cierre de m\u00e1s establecimientos productivos.<br \/>\nSi bien est\u00e1 previsto que en la semana que inicia se den una serie de reuniones en el ministerio de Agricultura y la secretar\u00eda de Comercio de la Naci\u00f3n, parece bastante firme la decisi\u00f3n de los industriales de reducir el pago a los tamberos, aunque desde la Naci\u00f3n buscan que esto no ocurra.<br \/>\nPor lo pronto, esta semana trascendi\u00f3 que en el \u00e1mbito de la subsecretar\u00eda de Lecher\u00eda se comenz\u00f3 a analizar una serie de irregularidades cometidas por varias industrias l\u00e1cteas, entre las que se encuentran las impulsoras de la reducci\u00f3n en el precio del litro de leche.<br \/>\nReclamos a la industria<br \/>\nA trav\u00e9s de un comunicado difundido a los medios de prensa, los productores de las principales cuencas lecheras del pa\u00eds remarcaron que la posible baja en el precio de la leche es \u201cde una inusitada e incre\u00edble catastrofe para el productor lechero\u201d.<br \/>\n\u201cSi es que se cumplen los anuncios de baja del precio dados a conocer por el presidente del CIL (NdeR: Centro de Industrias Lecheras), Miguel Paul\u00f3n, se dejar\u00eda a los productores en una situaci\u00f3n de extrema delicadeza, al borde del quiebre y la desaparici\u00f3n de muchos tambos\u201d, remarcaron.<br \/>\nEn tal sentido, aprovecharon para volver a cargar contra la dirigencia de las industrias l\u00e1cteas, a quienes responsabilizaron por los problemas financieros<br \/>\n\u201cSi el riesgo de la industria se diluye con solo bajar el precio al productor un 5 por ciento, est\u00e1 bien claro que la ineficiencia est\u00e1 dentro del sector industrial\u201d, a la vez que recordaron que los ajustes \u201csiempre se hacen para abajo\u201d.<br \/>\n\u201cEste tipo de pol\u00edtica industrial, nos llev\u00f3 a que hoy los productores lecheros percibamos en el precio de la leche el 18 por ciento del valor de los productos l\u00e1cteos en g\u00f3ndola, cuando hace 7 a\u00f1os esa participaci\u00f3n era del 33 por ciento\u201d, recordaron, a la vez que marcaron que la transferencia de ingresos en la cadena l\u00e1ctea fue en favor de las industrias, complicando cada vez m\u00e1s la realidad de los tamberos.<br \/>\nUn dato no menor es que por el momento fueron algunas empresas las que plantearon la posibilidad de bajarle el precio al productor, mientras que la mayor\u00eda de ellas, inclu\u00eddas las cooperativas, no plantearon ninguna merma.<br \/>\nMalestar en el ministerio de Agricultura<br \/>\n\u201cEstas industrias son las mismas que durante los \u00faltimos cinco meses guardaron grandes cantidades de productos elaborados en sus galpones espernado un d\u00f3lar de 20 pesos, que sus gur\u00faes econ\u00f3micos predec\u00edan y que no ocurri\u00f3\u201d se\u00f1ala el comunicado de los tamberos de C\u00f3rdoba, Santa Fe y Santiago del Estero en una situaci\u00f3n que tambi\u00e9n se enlaza con el malestar existente en el ministerio de Agricultura de la Naci\u00f3n.<br \/>\nSeg\u00fan se pudo saber, varias de las empresas que est\u00e1n proponiendo la baja en el precio al productor, como el caso de Molfino, Saputo o Milkaut fueron beneficiados hace poco tiempo atr\u00e1s con los llamados Cr\u00e9ditos del Bicentenario, con tasas subsidiadas por el Estado Nacional.<br \/>\nPrecisamente fuentes de la subsecretar\u00eda de Lecher\u00eda de la Naci\u00f3n reconocieron que se est\u00e1n investigando una serie de irregularidades que habr\u00edan cometido dichas firmas comerciales.<br \/>\nLos tamberos tambi\u00e9n aprovecharon para reiterar el planteo por la aprobaci\u00f3n de una Ley de Lecher\u00eda, que permitir\u00eda ordenar el sector productivo, as\u00ed como tambi\u00e9n una nueva Ley de Arrendamientos \u201cque permita a los peque\u00f1os productores seguir trabajando en campos alquilados\u201d.<br \/>\nLas reuniones previstas entre las autoridades nacionales y los representantes de la industria y la producci\u00f3n ser\u00e1n claves esta semana para definir que pasar\u00e1 con el precio de la leche en los pr\u00f3ximos meses.<\/p>\n<p>Juan Drovandi<\/p>\n","protected":false},"excerpt":{"rendered":"<p>Productores lanzaron duras cr\u00edticas al sector empresario y aseguran que de darse la baja en el predio de la leche corre riesgo de desaparecer una gran cantidad de productores de todo el pa\u00eds<\/p>\n","protected":false},"author":5,"featured_media":0,"comment_status":"open","ping_status":"open","sticky":false,"template":"","format":"standard","meta":[],"categories":[42],"tags":[1794,312,1795],"_links":{"self":[{"href":"http:\/\/rurallascolonias.com.ar\/index.php?rest_route=\/wp\/v2\/posts\/5572"}],"collection":[{"href":"http:\/\/rurallascolonias.com.ar\/index.php?rest_route=\/wp\/v2\/posts"}],"about":[{"href":"http:\/\/rurallascolonias.com.ar\/index.php?rest_route=\/wp\/v2\/types\/post"}],"author":[{"embeddable":true,"href":"http:\/\/rurallascolonias.com.ar\/index.php?rest_route=\/wp\/v2\/users\/5"}],"replies":[{"embeddable":true,"href":"http:\/\/rurallascolonias.com.ar\/index.php?rest_route=%2Fwp%2Fv2%2Fcomments&post=5572"}],"version-history":[{"count":1,"href":"http:\/\/rurallascolonias.com.ar\/index.php?rest_route=\/wp\/v2\/posts\/5572\/revisions"}],"predecessor-version":[{"id":5574,"href":"http:\/\/rurallascolonias.com.ar\/index.php?rest_route=\/wp\/v2\/posts\/5572\/revisions\/5574"}],"wp:attachment":[{"href":"http:\/\/rurallascolonias.com.ar\/index.php?rest_route=%2Fwp%2Fv2%2Fmedia&parent=5572"}],"wp:term":[{"taxonomy":"category","embeddable":true,"href":"http:\/\/rurallascolonias.com.ar\/index.php?rest_route=%2Fwp%2Fv2%2Fcategories&post=5572"},{"taxonomy":"post_tag","embeddable":true,"href":"http:\/\/rurallascolonias.com.ar\/index.php?rest_route=%2Fwp%2Fv2%2Ftags&post=5572"}],"curies":[{"name":"wp","href":"https:\/\/api.w.org\/{rel}","templated":true}]}}