{"id":5566,"date":"2015-01-27T11:52:19","date_gmt":"2015-01-27T11:52:19","guid":{"rendered":"http:\/\/rurallascolonias.com.ar\/?p=5566"},"modified":"2015-01-27T11:52:19","modified_gmt":"2015-01-27T11:52:19","slug":"tamberos-contra-las-fabricas","status":"publish","type":"post","link":"http:\/\/rurallascolonias.com.ar\/?p=5566","title":{"rendered":"Tamberos contra las f\u00e1bricas"},"content":{"rendered":"<p><strong><em>MAL MOMENTO<\/em><\/strong><\/p>\n<p><a href=\"http:\/\/rurallascolonias.com.ar\/wp-content\/uploads\/2014\/08\/empresarios-tamberos.jpg\"><img loading=\"lazy\" class=\"aligncenter size-full wp-image-3626\" src=\"http:\/\/rurallascolonias.com.ar\/wp-content\/uploads\/2014\/08\/empresarios-tamberos.jpg\" alt=\"empresarios tamberos\" width=\"306\" height=\"165\" srcset=\"http:\/\/rurallascolonias.com.ar\/wp-content\/uploads\/2014\/08\/empresarios-tamberos.jpg 306w, http:\/\/rurallascolonias.com.ar\/wp-content\/uploads\/2014\/08\/empresarios-tamberos-300x161.jpg 300w\" sizes=\"(max-width: 306px) 100vw, 306px\" \/><\/a>Usinas quieren bajar 5% el precio de la leche. Tamberos armaron una nueva agrupaci\u00f3n de productores lecheros que debut\u00f3 con fuertes cr\u00edticas a la industria l\u00e1ctea<!--more--><\/p>\n<p>Luego de una asamblea convocada con urgencia en la localidad de Suardi, tamberos del noroeste de Santa Fe, noreste de C\u00f3rdoba y sudeste de Santiago del Estero, conjuntamente con Coninagro Santa Fe y C\u00f3rdoba y socios independientes de Federaci\u00f3n Agraria Argentina armaron una nueva agrupaci\u00f3n de productores lecheros que debut\u00f3 con fuertes cr\u00edticas a la industria l\u00e1ctea a la que acus\u00f3 de carterizada por la reciente decisi\u00f3n de bajar precios. Los referentes de la agrupaci\u00f3n son Juan Otero (Coninagro), Marcelo Garello (ex C\u00e1mara de Santa Fe), Daniel Oggero (Federaci\u00f3n Agraria), Alberto Rosso (Federaci\u00f3n Agraria), Daniel Blangetti (ex C\u00e1mara de Santa Fe) y Mariano Vidal (ex C\u00e1mara de Santa FE)<\/p>\n<p>&nbsp;<\/p>\n<p>\u00abAnte las declaraciones de Miguel Paulon, presidente del Centro de la Industria Lechera (CIL), preanunciando una baja inicial del 5% en el precio al tambero, usando como excusa la situaci\u00f3n internacional y la posibilidad de cesaci\u00f3n de pagos de la industria, los tamberos reunidos en Suardi acusaron de ineficientes a los industriales que ajustando hacia abajo siempre perjudican a los extremos de la cadena: productores y consumidores. Este tipo de actitudes llevan hoy a que el productor perciba el 18% del precio de la g\u00f3ndola cuando 7 a\u00f1os atr\u00e1s la participaci\u00f3n del precio era del 33%, llevando a los peque\u00f1os y medianos productores lecheros al exterminio, dejando muchas regiones del pa\u00eds al borde del corte de la cadena de pagos\u00bb, resaltaron en un comunicado. \u00abEstas industrias son las mismas que durante los \u00faltimos 5 meses guardaron grandes cantidades de productos elaborados en sus galpones esperando una devaluaci\u00f3n\u00bb, aseguraron.<\/p>\n<p>&nbsp;<\/p>\n<p>\u00abEl CIL act\u00faa como una corporaci\u00f3n cartelizadas, t\u00edpico de los monopolios, y con actitudes intimidatorias, lo que queda demostrado en los litros tirados a distintos productores por \u00abproblemas de calidad\u00bb que obviamente no existieron, as\u00ed como el desdoblamiento en el pago, que hicieron, avisando de forma precaria y generando a los productores grav\u00edsimos problemas financieros producto de este accionar\u00bb, denunciaron.<\/p>\n<p>&nbsp;<\/p>\n<p>\u00abHasta el d\u00eda de hoy, el sistema cooperativo, la mayor\u00eda de las pymes y algunas exportadoras netas, manifestaron la intenci\u00f3n de no bajar el precio al productor, incluso algunas plantean subas, lo que demuestra que todo lo dicho por el representante del CIL es mentira, y no tiene ning\u00fan sustento real\u00bb, concluyeron.<\/p>\n<p>&nbsp;<\/p>\n<p>Por su parte, la Comisi\u00f3n Interna de Lecher\u00eda de la Federaci\u00f3n Agraria Argentina se reuni\u00f3 este lunes en Rosario. Durante el encuentro, delegados de distintas regiones del pa\u00eds coincidieron en rechazar el intento de la industria del sector de bajar el precio que est\u00e1n pagando a los productores por litro de leche. \u00abEn los tambos peque\u00f1os y medianos, con los $3,20 que estamos percibiendo hoy, ya estamos 50 centavos por debajo del valor que necesitamos para subsistir. Es inimaginable un escenario en el cual sigamos en actividad, cobrando todav\u00eda menos\u00bb, manifestaron.<\/p>\n<p>Seg\u00fan la estimaci\u00f3n, con los cerca de once mil millones de litros anuales que produce el pa\u00eds, los recursos de los que pretenden apropiarse las f\u00e1bricas (de 20 centavos por litro) significar\u00edan una transferencia de 180 millones de pesos mensuales, desde los productores al sector industrial. En este marco, la FAA advirti\u00f3 que si no se recupera un precio razonable para el productor por litro de leche, que se estima estar\u00eda hoy en $3,70, la actividad tambera seguir\u00e1 concentr\u00e1ndose.<\/p>\n<p>&nbsp;<\/p>\n<p>punto biz<\/p>\n<p>&nbsp;<\/p>\n<div class=\"separador_2\"><\/div>\n<p><span class=\"texto_13_gris\"><em>Fuente: <\/em> <strong>SM<\/strong><\/span><\/p>\n","protected":false},"excerpt":{"rendered":"<p>MAL MOMENTO Usinas quieren bajar 5% el precio de la leche. Tamberos armaron una nueva agrupaci\u00f3n de productores lecheros que debut\u00f3 con fuertes cr\u00edticas a la industria l\u00e1ctea<\/p>\n","protected":false},"author":5,"featured_media":0,"comment_status":"open","ping_status":"open","sticky":false,"template":"","format":"standard","meta":[],"categories":[46],"tags":[556,227],"_links":{"self":[{"href":"http:\/\/rurallascolonias.com.ar\/index.php?rest_route=\/wp\/v2\/posts\/5566"}],"collection":[{"href":"http:\/\/rurallascolonias.com.ar\/index.php?rest_route=\/wp\/v2\/posts"}],"about":[{"href":"http:\/\/rurallascolonias.com.ar\/index.php?rest_route=\/wp\/v2\/types\/post"}],"author":[{"embeddable":true,"href":"http:\/\/rurallascolonias.com.ar\/index.php?rest_route=\/wp\/v2\/users\/5"}],"replies":[{"embeddable":true,"href":"http:\/\/rurallascolonias.com.ar\/index.php?rest_route=%2Fwp%2Fv2%2Fcomments&post=5566"}],"version-history":[{"count":1,"href":"http:\/\/rurallascolonias.com.ar\/index.php?rest_route=\/wp\/v2\/posts\/5566\/revisions"}],"predecessor-version":[{"id":5567,"href":"http:\/\/rurallascolonias.com.ar\/index.php?rest_route=\/wp\/v2\/posts\/5566\/revisions\/5567"}],"wp:attachment":[{"href":"http:\/\/rurallascolonias.com.ar\/index.php?rest_route=%2Fwp%2Fv2%2Fmedia&parent=5566"}],"wp:term":[{"taxonomy":"category","embeddable":true,"href":"http:\/\/rurallascolonias.com.ar\/index.php?rest_route=%2Fwp%2Fv2%2Fcategories&post=5566"},{"taxonomy":"post_tag","embeddable":true,"href":"http:\/\/rurallascolonias.com.ar\/index.php?rest_route=%2Fwp%2Fv2%2Ftags&post=5566"}],"curies":[{"name":"wp","href":"https:\/\/api.w.org\/{rel}","templated":true}]}}