{"id":5564,"date":"2015-01-26T20:17:07","date_gmt":"2015-01-26T20:17:07","guid":{"rendered":"http:\/\/rurallascolonias.com.ar\/?p=5564"},"modified":"2015-01-26T20:17:07","modified_gmt":"2015-01-26T20:17:07","slug":"productores-de-leche-el-cil-actua-como-una-corporacion-cartelizada","status":"publish","type":"post","link":"http:\/\/rurallascolonias.com.ar\/?p=5564","title":{"rendered":"Productores de leche El CIL act\u00faa como una corporaci\u00f3n cartelizada"},"content":{"rendered":"<p><a href=\"http:\/\/rurallascolonias.com.ar\/wp-content\/uploads\/2014\/12\/leche-3.png\"><img loading=\"lazy\" class=\"aligncenter size-full wp-image-5014\" src=\"http:\/\/rurallascolonias.com.ar\/wp-content\/uploads\/2014\/12\/leche-3.png\" alt=\"leche 3\" width=\"303\" height=\"166\" srcset=\"http:\/\/rurallascolonias.com.ar\/wp-content\/uploads\/2014\/12\/leche-3.png 303w, http:\/\/rurallascolonias.com.ar\/wp-content\/uploads\/2014\/12\/leche-3-300x164.png 300w\" sizes=\"(max-width: 303px) 100vw, 303px\" \/><\/a>Nueva agrupacion de Productores Lecheros repudian la baja de precio de\u00a0 la leche por la industria<!--more--><span id=\"more-53165\"><\/span><\/p>\n<p>TAMBEROS REUNIDOS EN ASAMBLEA EN SUARDI RECLAMAN AL GOBIERNO ACTITUDES Y POLITICAS ACTIVAS FRENTE A LA BAJA DE PRECIO DE LA LECHE POR PARTE DE LAS INDUSTRIAS DE LA REGION<\/p>\n<p>Luego de una Asamblea convocada con urgencia, tamberos del noroeste de Santa Fe, noreste de C\u00f3rdoba y sudeste de Santiago del Estero, conjuntamente con Coninagro Santa Fe y C\u00f3rdodba\u00a0 y socios independientes de Federaci\u00f3n Agraria Argentina preanunciaron una inusitada e incre\u00edble cat\u00e1strofe para la lechera de seguir con la baja del precio en tranquera de tambo por decisi\u00f3n unilateral de algunas industrias.<\/p>\n<p>Ante las declaraciones de Miguel Paulon, presidente del Centro de la Industria Lechera (CIL), preanunciando una baja inicial del 5% en el precio al tambero,\u00a0 usando como excusa\u00a0 la situaci\u00f3n internacional y la posibilidad de cesaci\u00f3n de pagos de la industria, los tamberos reunidos en Suardi acusaron de ineficientes a los industriales que ajustando hacia abajo siempre perjudican a los extremos de la cadena: productores y consumidores. Este tipo de actitudes llevan hoy a que el productor perciba el 18% del precio de la g\u00f3ndola cuando 7 a\u00f1os atr\u00e1s la participaci\u00f3n del precio era del 33%, llevando a los peque\u00f1os y medianos productores lecheros al exterminio, dejando muchas regiones del pa\u00eds al borde del corte de la cadena de pagos.<\/p>\n<p>Estas industrias son las mismas que durante los \u00faltimos 5 meses guardaron grandes cantidades de productos elaborados en sus galpones esperando una devaluaci\u00f3n, que sus gurues econ\u00f3micos predec\u00edan, situaci\u00f3n que no ocurri\u00f3 y\u00a0 tambi\u00e9n son las que se beneficiarion con los millonarios cr\u00e9ditos del bicentenario a tasa subsidiada por el estado nacional.<\/p>\n<p>El\u00a0 CIL\u00a0 act\u00faa como una corporaci\u00f3n cartelizadas, t\u00edpico de los monopolios, y con actitudes intimidatorias y de aprietes que son parecidas a las ejercidas por el terrorismo, lo que queda demostrado en los litros tirados a distintos productores por \u201cproblemas de calidad\u201d que obviamente no existieron, as\u00ed como el desdoblamiento en el pago, que hicieron, avisando de forma precaria y generando a los productores grav\u00edsimos problemas financieros producto de este accionar.<\/p>\n<p>Hasta el d\u00eda de hoy, el sistema cooperativo, la mayor\u00eda de las pymes y\u00a0 algunas exportadoras netas, manifestaron la intenci\u00f3n de no bajar\u00a0 el precio al productor, incluso algunas plantean subas, lo que demuestra que todo lo dicho por el representante del CIL es mentira, y no tiene ning\u00fan sustento real. es por esto que pedimos al gobierno nacional, por intermedio de la Secretar\u00eda de Comercio que tome todas las medidas que sean necesarias para impedir que estas corporaciones puedan llevar adelante este plan nefasto que est\u00e1n queriendo imponer.<\/p>\n<p>Exigimos la presencia activa del Gobierno Nacional en pos de la recomposici\u00f3n del precio al tambero y abrir el debate a una Ley de Lecher\u00eda que le de estabilidad, seguridad y rentabilidad equilibrada a todos los integrantes de la cadena l\u00e1ctea<\/p>\n<p>Esta agrupaci\u00f3n que formamos hace ya m\u00e1s de 3 a\u00f1os\u00a0 est\u00e1 siempre dispuesta al di\u00e1logo, ,\u00a0 pero si hay que actuar de la misma forma que est\u00e1n actuando las industrias con nosotros, no nos va a temblar el pulso en hacerlo, porque las empresas son de los empresarios, pero las vacas que producen la leche son nuestras y no vamos a permitir que unos meses mas debamos venderlas para pagar nuestras deudas.<\/p>\n<p>Fuente: lecher\u00edalatina.com<\/p>\n","protected":false},"excerpt":{"rendered":"<p>Nueva agrupacion de Productores Lecheros repudian la baja de precio de\u00a0 la leche por la industria<\/p>\n","protected":false},"author":5,"featured_media":0,"comment_status":"open","ping_status":"open","sticky":false,"template":"","format":"standard","meta":[],"categories":[46],"tags":[724,1793,462],"_links":{"self":[{"href":"http:\/\/rurallascolonias.com.ar\/index.php?rest_route=\/wp\/v2\/posts\/5564"}],"collection":[{"href":"http:\/\/rurallascolonias.com.ar\/index.php?rest_route=\/wp\/v2\/posts"}],"about":[{"href":"http:\/\/rurallascolonias.com.ar\/index.php?rest_route=\/wp\/v2\/types\/post"}],"author":[{"embeddable":true,"href":"http:\/\/rurallascolonias.com.ar\/index.php?rest_route=\/wp\/v2\/users\/5"}],"replies":[{"embeddable":true,"href":"http:\/\/rurallascolonias.com.ar\/index.php?rest_route=%2Fwp%2Fv2%2Fcomments&post=5564"}],"version-history":[{"count":1,"href":"http:\/\/rurallascolonias.com.ar\/index.php?rest_route=\/wp\/v2\/posts\/5564\/revisions"}],"predecessor-version":[{"id":5565,"href":"http:\/\/rurallascolonias.com.ar\/index.php?rest_route=\/wp\/v2\/posts\/5564\/revisions\/5565"}],"wp:attachment":[{"href":"http:\/\/rurallascolonias.com.ar\/index.php?rest_route=%2Fwp%2Fv2%2Fmedia&parent=5564"}],"wp:term":[{"taxonomy":"category","embeddable":true,"href":"http:\/\/rurallascolonias.com.ar\/index.php?rest_route=%2Fwp%2Fv2%2Fcategories&post=5564"},{"taxonomy":"post_tag","embeddable":true,"href":"http:\/\/rurallascolonias.com.ar\/index.php?rest_route=%2Fwp%2Fv2%2Ftags&post=5564"}],"curies":[{"name":"wp","href":"https:\/\/api.w.org\/{rel}","templated":true}]}}