{"id":5525,"date":"2015-01-21T17:31:09","date_gmt":"2015-01-21T17:31:09","guid":{"rendered":"http:\/\/rurallascolonias.com.ar\/?p=5525"},"modified":"2015-01-21T17:31:09","modified_gmt":"2015-01-21T17:31:09","slug":"solicitaron-al-gobernador-bonfatti-la-declaracion-de-emergencia-en-varios-departamentos-de-santa-fe","status":"publish","type":"post","link":"http:\/\/rurallascolonias.com.ar\/?p=5525","title":{"rendered":"Solicitaron al gobernador Bonfatti la declaraci\u00f3n de emergencia en varios departamentos de Santa Fe"},"content":{"rendered":"<h2><a href=\"http:\/\/rurallascolonias.com.ar\/wp-content\/uploads\/2015\/01\/inundaciones-Sta.-Fe.png\"><img loading=\"lazy\" class=\"aligncenter size-full wp-image-5526\" src=\"http:\/\/rurallascolonias.com.ar\/wp-content\/uploads\/2015\/01\/inundaciones-Sta.-Fe.png\" alt=\"inundaciones Sta. Fe\" width=\"284\" height=\"177\" \/><\/a>La Comisi\u00f3n Provincial de Emergencia Agropecuaria sugiri\u00f3 aplicar la medida en los departamentos Garay, Gral. Obligado, Vera y San Javier; y en distritos de 9 de Julio, San Justo, Castellanos y San Crist\u00f3bal.<\/h2>\n<p><!--more--><\/p>\n<p>Presidida por el ministro de la Producci\u00f3n, Carlos Fascendini se llev\u00f3 a cabo esta ma\u00f1ana una nueva reuni\u00f3n de la Comisi\u00f3n Provincial de Emergencia Agropecuaria; encuentro convocado con el fin de abordar la situaci\u00f3n especial que atraviesan las \u00e1reas productivas de distintos distritos de la provincia, ante las inclemencias clim\u00e1ticas de p\u00fablico conocimiento. Luego del an\u00e1lisis de los informes t\u00e9cnicos se sugiri\u00f3 la declaraci\u00f3n de emergencia en los departamentos Garay, Gral. Obligado, Vera y San Javier; y en distritos de 9 de Julio, San Justo, Castellanos y San Crist\u00f3bal<\/p>\n<p>La Comisi\u00f3n Provincial de Emergencia Agropecuaria propone al gobernador Antonio Bonfatti, que decrete la emergencia por lluvia para los departamentos <strong>Garay, General Obligado, Vera y San Javier<\/strong>, en la totalidad de sus distritos. En tanto, en el caso del <strong>departamento 9 de Julio<\/strong> los distritos afectados a la emergencia son Esteban Rams y Villa Minetti; en el <strong>departamento San Justo<\/strong>, Vera y Pintado, G\u00f3mez Cello, La Camila, La Criolla y Crespo; en el <strong>departamento Castellanos<\/strong>, San Vicente, Ang\u00e9lica, Frontera, Josefina, Colonia Cello, Santa Clara de Saguier, Estaci\u00f3n Clucellas, Bauer y Sigel, Coronel Fraga, Pueblo Marini, Ramona, Vila, San Antonio, Castellanos, Presidente Roca, Zen\u00f3n Pereyra, Esmeralda, Eustolia, San Vicente y Mar\u00eda Juana; en el <strong>departamento San Crist\u00f3bal<\/strong>, Las Avispas, Ambrosetti, Aguar\u00e1 Grande, San Crist\u00f3bal, Villa Saralegui, Capivara, Huanqueros, La Clara, Curupait\u00ed y Monigotes.<\/p>\n<p>Con relaci\u00f3n a la producci\u00f3n afectada, Fascendini inform\u00f3: \u201cen cuanto a los cultivos, existen problemas con la cosecha de girasol, inconvenientes para terminar la siembra de soja de segunda e imposibilidad de ingresar a los campos para hacer el control de maleza y fumigaciones por la falta de disponibilidad de piso. En ganader\u00eda el anegamiento provoc\u00f3 el traslado de animales a terrenos que no est\u00e9n afectados; al mismo tiempo que se espera que el r\u00edo no crezca para no presentar problemas adicionales con el ganado en las islas\u201d. El ministro destac\u00f3 la implementaci\u00f3n del certificado provisorio de tr\u00e1nsito de animales que est\u00e9n alcanzados por las consecuencias del fen\u00f3meno.<\/p>\n<p><strong>Fuente: Nuestro Agro<\/strong><\/p>\n","protected":false},"excerpt":{"rendered":"<p>La Comisi\u00f3n Provincial de Emergencia Agropecuaria sugiri\u00f3 aplicar la medida en los departamentos Garay, Gral. Obligado, Vera y San Javier; y en distritos de 9 de Julio, San Justo, Castellanos y San Crist\u00f3bal.<\/p>\n","protected":false},"author":5,"featured_media":0,"comment_status":"open","ping_status":"open","sticky":false,"template":"","format":"standard","meta":[],"categories":[1],"tags":[1782,747,1781],"_links":{"self":[{"href":"http:\/\/rurallascolonias.com.ar\/index.php?rest_route=\/wp\/v2\/posts\/5525"}],"collection":[{"href":"http:\/\/rurallascolonias.com.ar\/index.php?rest_route=\/wp\/v2\/posts"}],"about":[{"href":"http:\/\/rurallascolonias.com.ar\/index.php?rest_route=\/wp\/v2\/types\/post"}],"author":[{"embeddable":true,"href":"http:\/\/rurallascolonias.com.ar\/index.php?rest_route=\/wp\/v2\/users\/5"}],"replies":[{"embeddable":true,"href":"http:\/\/rurallascolonias.com.ar\/index.php?rest_route=%2Fwp%2Fv2%2Fcomments&post=5525"}],"version-history":[{"count":1,"href":"http:\/\/rurallascolonias.com.ar\/index.php?rest_route=\/wp\/v2\/posts\/5525\/revisions"}],"predecessor-version":[{"id":5527,"href":"http:\/\/rurallascolonias.com.ar\/index.php?rest_route=\/wp\/v2\/posts\/5525\/revisions\/5527"}],"wp:attachment":[{"href":"http:\/\/rurallascolonias.com.ar\/index.php?rest_route=%2Fwp%2Fv2%2Fmedia&parent=5525"}],"wp:term":[{"taxonomy":"category","embeddable":true,"href":"http:\/\/rurallascolonias.com.ar\/index.php?rest_route=%2Fwp%2Fv2%2Fcategories&post=5525"},{"taxonomy":"post_tag","embeddable":true,"href":"http:\/\/rurallascolonias.com.ar\/index.php?rest_route=%2Fwp%2Fv2%2Ftags&post=5525"}],"curies":[{"name":"wp","href":"https:\/\/api.w.org\/{rel}","templated":true}]}}