{"id":5486,"date":"2015-01-19T17:03:04","date_gmt":"2015-01-19T17:03:04","guid":{"rendered":"http:\/\/rurallascolonias.com.ar\/?p=5486"},"modified":"2015-01-19T17:03:04","modified_gmt":"2015-01-19T17:03:04","slug":"tamberos-reclaman-voluntad-politica-para-resolver-los-precios","status":"publish","type":"post","link":"http:\/\/rurallascolonias.com.ar\/?p=5486","title":{"rendered":"Tamberos reclaman \u201cvoluntad pol\u00edtica\u201d para resolver los precios"},"content":{"rendered":"<p><a href=\"http:\/\/rurallascolonias.com.ar\/wp-content\/uploads\/2015\/01\/tamberos.png\"><img loading=\"lazy\" class=\"aligncenter size-full wp-image-5487\" src=\"http:\/\/rurallascolonias.com.ar\/wp-content\/uploads\/2015\/01\/tamberos.png\" alt=\"tamberos\" width=\"234\" height=\"215\" \/><\/a>Es lo enunciado por productores de Santa Fe y C\u00f3rdoba, que exigen una reuni\u00f3n de la cadena l\u00e1ctea por completo para esclarecer las pautas que hacen a la econom\u00eda sectorial. Sugieren lobbys industriales, pero tambi\u00e9n falta de compromiso de los funcionarios.No es el verano, sino las condiciones generales las que suben la temperatura en los tambos. No hablamos de stress cal\u00f3rico, sino del hartazgo por la falta de seriedad en el manejo de las pol\u00edticas que hacen a la lecher\u00eda. Una muestra de esto es la manifestaci\u00f3n que en la ma\u00f1ana de ayer hicieron los representantes de la Mesa de Productores de Leche de Santa Fe, junto a referentes de la C\u00e1mara de Productores de Leche de C\u00f3rdoba.<!--more--><br \/>\nTeniendo en cuenta los rumores de baja para la leche en los pagos que se van a hacer en febrero, luego de la situaci\u00f3n similar revertida para enero, ahora son los productores, que en otro momento estuvieron m\u00e1s pasivamente aceptando los modos del sector en general y del Estado nacional en particular los que reclaman una convocatoria seria. \u201cNosotros queremos denunciar ciertas actitudes de la industria, pero mayormente de la parte gubernamental\u201d, enunci\u00f3 Marcelo Aimaro, el presidente de Meprolsafe.<br \/>\nMientras la baja del precio no se concrete, el enunciado que proponen es que \u201cmientras no se aumente la leche, es lo mismo que la bajen, por el proceso inflacionario que estamos viviendo. Entonces consideramos que el precio al productor se tiene que actualizar, no por una cuesti\u00f3n de rentabilidad, sino para sostener el encuadre econ\u00f3mico y financiero que tenemos ahora\u201d, se\u00f1al\u00f3 Alejandro Leveratto, en representaci\u00f3n de los cordobeses.<br \/>\nEl an\u00e1lisis lo hacen a partir de un sostenido valor de los precios en el mercado interno, con un consumo bueno, mientras que \u201clos precios de exportaci\u00f3n no son tan malos como dicen, teniendo en cuenta los datos oficiales de venta en los \u00faltimos meses\u201d. Lo que no entienden los productores es la raz\u00f3n de la baja para toda la leche, mientras que el ajuste s\u00f3lo deber\u00eda hacerse para la materia prima destinada a exportaci\u00f3n (en diciembre la tonelada de leche en polvo se pag\u00f3 3.886 d\u00f3lares), m\u00e1s a\u00fan teniendo en cuenta que los \u00faltimos conflictos se dan s\u00f3lo en el comercio con Rusia. \u201cHoy en un momento donde tenemos problemas clim\u00e1ticos y no hay una gran producci\u00f3n, se pretende una baja del 11 por ciento, que si lo anualizamos representar\u00eda una transferencia de cuatro mil millones de pesos, del productor a la industria\u201d.<br \/>\nFue Leveratto el que remarc\u00f3 que \u201cdesde el origen de las c\u00e1maras de productores, planteamos que hay una situaci\u00f3n de dominancia, la industria por sobre la producci\u00f3n, que se da con una clara presi\u00f3n manifiesta en este momento. Se ha especulado con la venta al exterior, acumulando stocks y ahora pretenden que eso lo paguemos los productores, por eso necesitamos un \u00e1rbitro, que tiene que ser el Estado\u201d. Es el Gobierno nacional quien tiene que mediar positivamente, para mejorar las condiciones de la cadena l\u00e1ctea, con reglas de juego \u201cque hagan que todo funcione de manera autom\u00e1tica, no con intervenciones que alteran la normal relaci\u00f3n intrasectorial, evitando situaciones indeseadas\u201d.<br \/>\nPero la realidad es diversa, falta compromiso pol\u00edtico, como tantas otras veces y pareciera que el Ejecutivo, a trav\u00e9s del Ministerio de Agricultura, deja librado el problema (al igual que en tantas otras econom\u00edas regionales que hoy tambi\u00e9n est\u00e1n en crisis), para que se resuelva de manera conflictiva cada pedido. A\u00fan hay cautela en las voces de quienes supieron acompa\u00f1ar bastante las medidas de la Subsecretar\u00eda de Lecher\u00eda de la Naci\u00f3n. \u201cNo queremos creer que ese no llamado a la reuni\u00f3n con las industrias del viernes sea un aval encubierto a la baja, por eso pedimos un urgente encuentro con todos los sectores, para darle una salida a este problema y a esta transferencia de dinero, pero que sea para resolver el tema, no que nos juntemos a charlar y dilatar la situaci\u00f3n\u201d, concretaron Aimaro y Leveratto. Mientras se llama la atenci\u00f3n del juez del caso, Leveratto entiende que \u201cla industria defiende su negocio con cobard\u00eda, porque saben que al \u00fanico que pueden apretar es al productor\u201d.<\/p>\n<p>SIN ESCUCHAR<br \/>\nClaro que con herramientas concretas se deber\u00e1 afrontar esta crisis, pero siempre se debe disponer de la buena voluntad de todas las partes, lo cual no es usual y sobre todo en los \u00faltimos a\u00f1os.<br \/>\nLos tamberos quieren soluciones, que siempre terminan cayendo sobre los precios; los industriales reglas claras y una econom\u00eda que colabore; y el Gobierno nacional, observa de lejos c\u00f3mo suceden los conflictos lecheros, que tienen una vez m\u00e1s a nuestra regi\u00f3n como eje, bien lejano.<br \/>\nSe resquebrajan las paciencias y los v\u00ednculos, hecho que queda demostrado con la convocatoria a un referente oficialista de Morteros con un grupo peque\u00f1o de tamberos, sin haber aprovechado el encuentro con el Jefe de Gabinete de Ministros, para escuchar a todas las voces. Es tan cambiante el panorama que a 40 d\u00edas de plantear subas, las industrias quieren bajar los precios. En el inicio del a\u00f1o electoral los productores se manifiestan en contra de la voluntad de aquellos que se quieren quedar con el dinero de los productores y es por eso que \u201cal Estado le pedimos que cumpla la funci\u00f3n que tiene que cumplir, que es la de arbitrar en estos casos\u201d, al tiempo que reclaman \u201cque se institucionalice el sector\u201d y se deje de llamar aleatoriamente a las entidades o a personas, para no faltar el respeto a quienes vienen trabajando por el tema desde hace 14 a\u00f1os.<br \/>\nMarcelo Aimaro remarca que no s\u00f3lo se reclama o protesta, sino que se presentaron propuestas, se completaron las instancias del trabajo sobre la competitividad, que a m\u00e1s de dos a\u00f1os no se conocen los resultados. \u201cAhora que estamos con un problema muy serio, ni siquiera nos llaman y \u00faltimamente no nos escuchan\u201d, admiten.<br \/>\nOscar Poi, ex presidente de Meprolsafe e integrante de la comisi\u00f3n directiva, sostiene que \u201chay buenas intenciones\u201d en el \u00e1mbito del Magyp, pero las herramientas que existen para el sector a\u00fan no se ponen en marcha y que \u201ceso te da la pauta que ese estamento del Estado no tiene peso, porque todo se termina de definir en la Secretar\u00eda de Comercio Interior y el Ministerio de Econom\u00eda\u201d. Eso s\u00ed, en los momentos buenos y de mucho dinero, la intervenci\u00f3n econ\u00f3mica del Gobierno existe, mientras que en momentos m\u00e1s flojos, no hay auxilio alguno.<br \/>\nMientras el hombre del tambo espera notar en el bolsillo la baja, sus representantes piden que se apuren los encuentros y las soluciones, optando por la v\u00eda institucional, antes que instalarse frente a una industria con conflictos de por medio.<br \/>\nEn concreto, el encuentro realizado en Meprolsafe de ayer llama a \u201cjuntarse con la convocatoria del Gobierno en una reuni\u00f3n como la que reclamamos hace 12 a\u00f1os y poner todos los lineamientos para solucionar este problema. Nuestras entidades van por un sistema de regulaci\u00f3n, no intervenci\u00f3n, para ordenar c\u00f3mo se forman los precios y c\u00f3mo se dividen los mercados, hasta que no se tengan esas pautas, nunca vamos a resolver nada. Hoy hay que frenar la coyuntura de esta pretendida baja\u201d, enunci\u00f3 Aimaro admitiendo que \u201cno sirve sobre lo coyuntural de hoy cuando no tienen voluntad pol\u00edtica de cambiar para siempre un sistema\u201d.<br \/>\nSer\u00e1 el corto plazo el que d\u00e9 las respuestas y realmente demuestre qui\u00e9n se ocupa del sector y qui\u00e9n no. La lecher\u00eda espera, pero sin un sill\u00f3n muy c\u00f3modo luego de a\u00f1os de p\u00e9rdidas econ\u00f3micas y de la salida de muchos del negocio. Las soluciones se tienen que dar pronto y parece que todo empieza por un llamado a todos los sectores, la cuesti\u00f3n es querer hacerlo.<\/p>\n<p>Por Elida Thiery<br \/>\nwww.diariolaopinion.com.ar<\/p>\n","protected":false},"excerpt":{"rendered":"<p>Es lo enunciado por productores de Santa Fe y C\u00f3rdoba, que exigen una reuni\u00f3n de la cadena l\u00e1ctea por completo para esclarecer las pautas que hacen a la econom\u00eda sectorial. Sugieren lobbys industriales, pero tambi\u00e9n falta de compromiso de los funcionarios.No es el verano, sino las condiciones generales las que suben la temperatura en los [&hellip;]<\/p>\n","protected":false},"author":5,"featured_media":0,"comment_status":"open","ping_status":"open","sticky":false,"template":"","format":"standard","meta":[],"categories":[42],"tags":[106,192,227],"_links":{"self":[{"href":"http:\/\/rurallascolonias.com.ar\/index.php?rest_route=\/wp\/v2\/posts\/5486"}],"collection":[{"href":"http:\/\/rurallascolonias.com.ar\/index.php?rest_route=\/wp\/v2\/posts"}],"about":[{"href":"http:\/\/rurallascolonias.com.ar\/index.php?rest_route=\/wp\/v2\/types\/post"}],"author":[{"embeddable":true,"href":"http:\/\/rurallascolonias.com.ar\/index.php?rest_route=\/wp\/v2\/users\/5"}],"replies":[{"embeddable":true,"href":"http:\/\/rurallascolonias.com.ar\/index.php?rest_route=%2Fwp%2Fv2%2Fcomments&post=5486"}],"version-history":[{"count":1,"href":"http:\/\/rurallascolonias.com.ar\/index.php?rest_route=\/wp\/v2\/posts\/5486\/revisions"}],"predecessor-version":[{"id":5488,"href":"http:\/\/rurallascolonias.com.ar\/index.php?rest_route=\/wp\/v2\/posts\/5486\/revisions\/5488"}],"wp:attachment":[{"href":"http:\/\/rurallascolonias.com.ar\/index.php?rest_route=%2Fwp%2Fv2%2Fmedia&parent=5486"}],"wp:term":[{"taxonomy":"category","embeddable":true,"href":"http:\/\/rurallascolonias.com.ar\/index.php?rest_route=%2Fwp%2Fv2%2Fcategories&post=5486"},{"taxonomy":"post_tag","embeddable":true,"href":"http:\/\/rurallascolonias.com.ar\/index.php?rest_route=%2Fwp%2Fv2%2Ftags&post=5486"}],"curies":[{"name":"wp","href":"https:\/\/api.w.org\/{rel}","templated":true}]}}