{"id":5482,"date":"2015-01-16T18:05:53","date_gmt":"2015-01-16T18:05:53","guid":{"rendered":"http:\/\/rurallascolonias.com.ar\/?p=5482"},"modified":"2015-01-16T18:05:53","modified_gmt":"2015-01-16T18:05:53","slug":"leche-hervida","status":"publish","type":"post","link":"http:\/\/rurallascolonias.com.ar\/?p=5482","title":{"rendered":"LECHE HERVIDA"},"content":{"rendered":"<p><a href=\"http:\/\/rurallascolonias.com.ar\/wp-content\/uploads\/2014\/09\/vacas-en-tambos.png\"><img loading=\"lazy\" class=\"aligncenter size-full wp-image-4173\" src=\"http:\/\/rurallascolonias.com.ar\/wp-content\/uploads\/2014\/09\/vacas-en-tambos.png\" alt=\"vacas en tambos\" width=\"255\" height=\"198\" \/><\/a>Seg\u00fan la MNPL, los actuales precios de los l\u00e1cteos permiten que el productor reciba un precio adecuado. <!--more--><br \/>\n\u2013Es muy probable que la pr\u00f3xima semana, compa\u00f1ero don Productivo, se vuelvan a ver las caras los ministros de Agricultura y de Producci\u00f3n de las provincias de C\u00f3rdoba, Santa Fe y Buenos Aires, seg\u00fan lo que tienen marcado en sus agendas Juli\u00e1n L\u00f3pez, Carlos Fascendini y Alejandro \u201cTopo\u201d Rodr\u00edguez. Y uno de los temas es el intr\u00edngulis de los precios de la leche, ya que los productores siguen muy preocupados.<\/p>\n<p>\u2013En este caso, camarada don Tecno, los \u201cprecios cuidados\u201d hace tiempo que pusieron sobre ascuas al primer eslab\u00f3n de esta cadena, m\u00e1xime cuando el viento de cola internacional se ha dado vuelta de manera acelerada.<\/p>\n<p>\u2013Seg\u00fan la Mesa Nacional de Productores Lecheros (MNPL), la industria est\u00e1 promoviendo una ca\u00edda de la producci\u00f3n de leche. Y lo explican del siguiente modo: la situaci\u00f3n de baja retroactiva de precios planteada por algunas industrias, en un contexto de alta inflaci\u00f3n y aumento de costos de producci\u00f3n, es una muestra m\u00e1s de la nefasta cosecha de las pol\u00edticas p\u00fablicas que el Gobierno sembr\u00f3 en materia de lecher\u00eda.<\/p>\n<p>\u2013Semejante diagn\u00f3stico no le debe caer en gracia a la industria, que tambi\u00e9n tiene sus razones, y menos a los muchachos del equipo de \u201cVen\u00ed Chiquito\u201d Axel Kicillof.<\/p>\n<p>\u2013La MNPL dio a conocer una declaraci\u00f3n advirtiendo que muy por el contrario al relato que quieren transmitir, queda al descubierto que el Gobierno prefiri\u00f3 perjudicar a los dos eslabones m\u00e1s d\u00e9biles de la cadena, el productor y el consumidor. Esto es una nueva se\u00f1al que le env\u00eda la industria al productor y lo induce a que hacia adelante baje a\u00fan m\u00e1s su nivel de producci\u00f3n, que hoy est\u00e1 estancada en los mismos niveles que ya ten\u00eda en la d\u00e9cada del noventa.<\/p>\n<p>\u2013\u00bfY qu\u00e9 m\u00e1s dice la Mesa?<\/p>\n<p>\u2013Que los actuales precios de los productos l\u00e1cteos permiten claramente la posibilidad de que el productor reciba un precio adecuado, a pesar de las bajas en los mercados internacionales. En consecuencia, prometen monitorear muy de cerca las pr\u00f3ximas decisiones de las industrias, a fin de denunciar todo tipo de manipulaci\u00f3n de precios, reajustes retroactivos hacia la baja, lo que abrir\u00eda la posibilidad de que los productores inicien acciones judiciales. Una menor producci\u00f3n va a repercutir fuertemente en el nivel de actividad en el interior. Por tanto, al carecer de un canal de di\u00e1logo a nivel nacional, pondr\u00e1n en los pr\u00f3ximos d\u00edas en conocimiento a los gobernadores de las principales provincias productoras sobre la grave situaci\u00f3n que se est\u00e1 generando en materia de lecher\u00eda, consign\u00f3 la MNPL.<\/p>\n<p>Por Redacci\u00f3n LAVOZ<span id=\"more-52819\"><\/span><\/p>\n","protected":false},"excerpt":{"rendered":"<p>Seg\u00fan la MNPL, los actuales precios de los l\u00e1cteos permiten que el productor reciba un precio adecuado.<\/p>\n","protected":false},"author":5,"featured_media":0,"comment_status":"open","ping_status":"open","sticky":false,"template":"","format":"standard","meta":[],"categories":[46],"tags":[47,463],"_links":{"self":[{"href":"http:\/\/rurallascolonias.com.ar\/index.php?rest_route=\/wp\/v2\/posts\/5482"}],"collection":[{"href":"http:\/\/rurallascolonias.com.ar\/index.php?rest_route=\/wp\/v2\/posts"}],"about":[{"href":"http:\/\/rurallascolonias.com.ar\/index.php?rest_route=\/wp\/v2\/types\/post"}],"author":[{"embeddable":true,"href":"http:\/\/rurallascolonias.com.ar\/index.php?rest_route=\/wp\/v2\/users\/5"}],"replies":[{"embeddable":true,"href":"http:\/\/rurallascolonias.com.ar\/index.php?rest_route=%2Fwp%2Fv2%2Fcomments&post=5482"}],"version-history":[{"count":1,"href":"http:\/\/rurallascolonias.com.ar\/index.php?rest_route=\/wp\/v2\/posts\/5482\/revisions"}],"predecessor-version":[{"id":5483,"href":"http:\/\/rurallascolonias.com.ar\/index.php?rest_route=\/wp\/v2\/posts\/5482\/revisions\/5483"}],"wp:attachment":[{"href":"http:\/\/rurallascolonias.com.ar\/index.php?rest_route=%2Fwp%2Fv2%2Fmedia&parent=5482"}],"wp:term":[{"taxonomy":"category","embeddable":true,"href":"http:\/\/rurallascolonias.com.ar\/index.php?rest_route=%2Fwp%2Fv2%2Fcategories&post=5482"},{"taxonomy":"post_tag","embeddable":true,"href":"http:\/\/rurallascolonias.com.ar\/index.php?rest_route=%2Fwp%2Fv2%2Ftags&post=5482"}],"curies":[{"name":"wp","href":"https:\/\/api.w.org\/{rel}","templated":true}]}}