{"id":5466,"date":"2015-01-15T12:41:29","date_gmt":"2015-01-15T12:41:29","guid":{"rendered":"http:\/\/rurallascolonias.com.ar\/?p=5466"},"modified":"2015-01-15T12:41:29","modified_gmt":"2015-01-15T12:41:29","slug":"la-sociedad-rural-y-la-cra-cerraron-las-cuentas-del-banco-nacion-por-las-restricciones-a-los-creditos","status":"publish","type":"post","link":"http:\/\/rurallascolonias.com.ar\/?p=5466","title":{"rendered":"La Sociedad Rural y la CRA cerraron las cuentas del Banco Naci\u00f3n por las restricciones a los cr\u00e9ditos"},"content":{"rendered":"<p><em><strong><a href=\"http:\/\/rurallascolonias.com.ar\/wp-content\/uploads\/2015\/01\/ETCHEVEHERE.jpg\"><img loading=\"lazy\" class=\"aligncenter size-full wp-image-5467\" src=\"http:\/\/rurallascolonias.com.ar\/wp-content\/uploads\/2015\/01\/ETCHEVEHERE.jpg\" alt=\"ETCHEVEHERE\" width=\"300\" height=\"168\" \/><\/a><span style=\"font-style: normal; color: #222222;\">Las asociaciones rurales lo decidieron luego de que la entidad bancaria acortara el cr\u00e9dito a aquellos productos que no liquiden soja.\u00a0<\/span><\/strong><\/em><!--more--><\/p>\n<p style=\"color: #222222;\">La decisi\u00f3n adoptada por\u00a0<strong style=\"font-weight: bold;\">cada una de las asociaciones rurales<\/strong>\u00a0tuvo lugar de la primera reuni\u00f3n realizada en el 2015 por cada una de las respectivos comisiones directivas, encabezadas por el entrerriano Luis Miguel Etchevehere en la SRA y el santafesino Rub\u00e9n Ferrero en CRA.<\/p>\n<p style=\"color: #222222;\">Seg\u00fan la<a style=\"color: red;\" href=\"http:\/\/tn.com.ar\/tags\/sociedad-rural-argentina\">\u00a0Sociedad Rural<\/a>, a trav\u00e9s de un comunicado se indic\u00f3 que la decisi\u00f3n de cerrar sus cuentas bancarias en el Banco Naci\u00f3n se adopt\u00f3\u00a0<strong style=\"font-weight: bold;\">\u00abcomo respuesta al bloqueo financiero<\/strong>\u00a0que el banco impuso a productores de soja\u00bb.<\/p>\n<p style=\"color: #222222;\">En el caso de Confederaciones Rurales, una fuente de la entidad ruralista asegur\u00f3 a DyN que en la primera reuni\u00f3n del a\u00f1o del consejo directivo confederado, se dispuso \u00ab<strong style=\"font-weight: bold;\">dejar de trabajar<\/strong>\u00a0con las cuentas del Banco Naci\u00f3n\u00bb para priorizar la utilizaci\u00f3n de \u00abotras cuentas\u00bb ya utilizadas hasta el momento.<\/p>\n<p style=\"color: #222222;\">\u00abEsto se debe a la falta de respuesta dada por parte del Naci\u00f3n a una serie de cartas enviadas al propio presidente del BNA, Juan Forl\u00f3n, donde la \u00faltima fue remitida el pasado 11 de diciembre de 2014, all\u00ed se ped\u00eda que se volviera atr\u00e1s con la circular que propon\u00eda no darle cr\u00e9ditos a los productores sojeros,\u00a0<strong style=\"font-weight: bold;\">y ante la falta de respuesta se procedi\u00f3 al cierre de cuentas\u00bb,<\/strong>\u00a0indic\u00f3 la fuente de CRA.<\/p>\n<p style=\"color: #222222;\">La decisi\u00f3n adoptada por SRA y CRA es en rechazo a la circular remitida por el Banco Naci\u00f3n a sus clientes el pasado 18 de noviembre de 2014, donde la entidad financiera comunic\u00f3 que solo podr\u00e1n ser sujeto de cr\u00e9dito aquellos productores sojeros que demuestren no contar con existencias de granos de soja.<br \/>\nAl respecto, la Sociedad Rural coment\u00f3 adem\u00e1s que \u00ab<strong style=\"font-weight: bold;\">el Banco Naci\u00f3n incurre en el incumplimiento de su carta org\u00e1nica<\/strong>, que en el art\u00edculo 3 establece que uno de los fines de la instituci\u00f3n es apoyar la producci\u00f3n agropecuaria, promoviendo su eficiente desenvolvimiento\u00bb.<\/p>\n<p style=\"color: #222222;\">El Banco Naci\u00f3n y el campo tienen una relaci\u00f3n hist\u00f3rica. Debido a que la entidad es<a style=\"color: red;\" href=\"http:\/\/www.bna.com.ar\/Institucional\/Sucursales\">\u00a0la de mayor sucursales del pa\u00eds\u00a0<\/a>y est\u00e1 presente donde otros bancos no llegan porque no es negocio, ha sido el \u00fanico mecanismo de operatoria financiera para los productores agropecuarios.\u00a0<strong style=\"font-weight: bold;\">La necesidad de d\u00f3lares del gobierno<\/strong>\u00a0y las diferencias pol\u00edticas por los dirigentes rurales pes\u00f3 m\u00e1s fuerte.<\/p>\n<p style=\"color: #222222;\">Fuente: TN<\/p>\n","protected":false},"excerpt":{"rendered":"<p>Las asociaciones rurales lo decidieron luego de que la entidad bancaria acortara el cr\u00e9dito a aquellos productos que no liquiden soja.\u00a0<\/p>\n","protected":false},"author":5,"featured_media":0,"comment_status":"open","ping_status":"open","sticky":false,"template":"","format":"standard","meta":[],"categories":[1],"tags":[293,30,1765,1764],"_links":{"self":[{"href":"http:\/\/rurallascolonias.com.ar\/index.php?rest_route=\/wp\/v2\/posts\/5466"}],"collection":[{"href":"http:\/\/rurallascolonias.com.ar\/index.php?rest_route=\/wp\/v2\/posts"}],"about":[{"href":"http:\/\/rurallascolonias.com.ar\/index.php?rest_route=\/wp\/v2\/types\/post"}],"author":[{"embeddable":true,"href":"http:\/\/rurallascolonias.com.ar\/index.php?rest_route=\/wp\/v2\/users\/5"}],"replies":[{"embeddable":true,"href":"http:\/\/rurallascolonias.com.ar\/index.php?rest_route=%2Fwp%2Fv2%2Fcomments&post=5466"}],"version-history":[{"count":1,"href":"http:\/\/rurallascolonias.com.ar\/index.php?rest_route=\/wp\/v2\/posts\/5466\/revisions"}],"predecessor-version":[{"id":5468,"href":"http:\/\/rurallascolonias.com.ar\/index.php?rest_route=\/wp\/v2\/posts\/5466\/revisions\/5468"}],"wp:attachment":[{"href":"http:\/\/rurallascolonias.com.ar\/index.php?rest_route=%2Fwp%2Fv2%2Fmedia&parent=5466"}],"wp:term":[{"taxonomy":"category","embeddable":true,"href":"http:\/\/rurallascolonias.com.ar\/index.php?rest_route=%2Fwp%2Fv2%2Fcategories&post=5466"},{"taxonomy":"post_tag","embeddable":true,"href":"http:\/\/rurallascolonias.com.ar\/index.php?rest_route=%2Fwp%2Fv2%2Ftags&post=5466"}],"curies":[{"name":"wp","href":"https:\/\/api.w.org\/{rel}","templated":true}]}}