{"id":5439,"date":"2015-01-13T15:40:01","date_gmt":"2015-01-13T15:40:01","guid":{"rendered":"http:\/\/rurallascolonias.com.ar\/?p=5439"},"modified":"2015-01-13T15:40:01","modified_gmt":"2015-01-13T15:40:01","slug":"el-gobierno-promulgo-dos-leyes-que-promueven-la-produccion-de-carne-bovina-y-bufalina","status":"publish","type":"post","link":"http:\/\/rurallascolonias.com.ar\/?p=5439","title":{"rendered":"El Gobierno promulg\u00f3 dos leyes que promueven la producci\u00f3n de carne bovina y bufalina"},"content":{"rendered":"<h2><a href=\"http:\/\/rurallascolonias.com.ar\/wp-content\/uploads\/2015\/01\/b\u00fafalos.png\"><img loading=\"lazy\" class=\"aligncenter size-full wp-image-5440\" src=\"http:\/\/rurallascolonias.com.ar\/wp-content\/uploads\/2015\/01\/b\u00fafalos.png\" alt=\"b\u00fafalos\" width=\"318\" height=\"159\" srcset=\"http:\/\/rurallascolonias.com.ar\/wp-content\/uploads\/2015\/01\/b\u00fafalos.png 318w, http:\/\/rurallascolonias.com.ar\/wp-content\/uploads\/2015\/01\/b\u00fafalos-300x150.png 300w\" sizes=\"(max-width: 318px) 100vw, 318px\" \/><\/a>Dice el comunicado oficial del MINAGRI: \u201ccon el objetivo de continuar con el apoyo y la promoci\u00f3n del crecimiento del sector ganadero del pa\u00eds (\u2026) se establecen fondos anuales de apoyo a los productores por 100 y 10 millones de pesos, respectivamente\u201d.<\/h2>\n<p><!--more--><\/p>\n<p><strong>\u00a0<\/strong><\/p>\n<p>Estas leyes, promulgadas a partir de los decretos 20 y 21, fueron creadas por el Ministerio de Agricultura, Ganader\u00eda y Pesca de la Naci\u00f3n, y sancionadas en diciembre pasado.<\/p>\n<p>La Ley 27.076, crea un programa con fondos por 10 millones de pesos para el fomento y desarrollo de la producci\u00f3n de B\u00fafalos de agua, en tanto la ley 27.066 habilita un presupuesto de 100 millones de pesos y apunta a la creaci\u00f3n del R\u00e9gimen de Promoci\u00f3n de la Ganader\u00eda Bovina en Zonas \u00c1ridas y Semi\u00e1ridas en el marco del Plan Federal del Bicentenario de Ganados y Carnes del MINAGRI. \u201cEl objetivo de la misma es lograr la mejora de la productividad y la modernizaci\u00f3n de los sistemas de producci\u00f3n, de transformaci\u00f3n y comercializaci\u00f3n\u201d, dice el comunicado oficial.<\/p>\n<p>Por otra parte, no se delimita en esta comunicaci\u00f3n a qu\u00e9 se considera zona \u00e1rida o semi\u00e1rida del pa\u00eds, por lo que se desconoce el alcance que tendr\u00e1 la ley y el impacto que pudiera tener en las regiones ganaderas del pa\u00eds. Desde ya que la provincia de Buenos Aires en su cuenca del Salado (principal \u00e1rea pecuaria del pa\u00eds), que fuera gravemente afectada por las inundaciones de primavera, no est\u00e1 incluida en esta categor\u00eda.<\/p>\n<p>En el comunicado se incluyen declaraciones del secretario de Agricultura referidas a estas leyes, que verdaderamente llaman la atenci\u00f3n: \u201ces fundamental seguir <strong>fortaleciendo el desarrollo<\/strong> de la ganader\u00eda en zonas \u00e1ridas para generar empleo e innovaci\u00f3n en lugares <strong>que no son favorecidos por las condiciones clim\u00e1ticas<\/strong>\u00bb y remarc\u00f3: \u00abLa importancia que esto tiene para muchas de nuestras provincias, por eso la presencia de <strong>un Estado activo<\/strong> <strong>que busque seguir incentivado la producci\u00f3n de carne<\/strong> y el arraigo de las poblaciones rurales es imprescindible\u00bb.<\/p>\n<p>El comunicado afirma adem\u00e1s que estas leyes buscan \u201cincrementar en las zonas \u00e1ridas y semi\u00e1ridas de todo el territorio nacional la oferta de productos y subproductos de la ganader\u00eda bovina de carne para abastecer adecuadamente al mercado interno y <strong>externo<\/strong>, tanto en calidad como en cantidad, mejorando la eficiencia productiva, los sistemas comerciales, de informaci\u00f3n y <strong>la competitividad del negocio<\/strong> de productos y subproductos de las especies bovinas, preservando los equilibrios ambientales de estas regiones\u201d.<\/p>\n<p><strong>Fuente: Nuestro Agro<\/strong><\/p>\n","protected":false},"excerpt":{"rendered":"<p>Dice el comunicado oficial del MINAGRI: \u201ccon el objetivo de continuar con el apoyo y la promoci\u00f3n del crecimiento del sector ganadero del pa\u00eds (\u2026) se establecen fondos anuales de apoyo a los productores por 100 y 10 millones de pesos, respectivamente\u201d.<\/p>\n","protected":false},"author":5,"featured_media":0,"comment_status":"open","ping_status":"open","sticky":false,"template":"","format":"standard","meta":[],"categories":[50],"tags":[1756,1635,362,1755],"_links":{"self":[{"href":"http:\/\/rurallascolonias.com.ar\/index.php?rest_route=\/wp\/v2\/posts\/5439"}],"collection":[{"href":"http:\/\/rurallascolonias.com.ar\/index.php?rest_route=\/wp\/v2\/posts"}],"about":[{"href":"http:\/\/rurallascolonias.com.ar\/index.php?rest_route=\/wp\/v2\/types\/post"}],"author":[{"embeddable":true,"href":"http:\/\/rurallascolonias.com.ar\/index.php?rest_route=\/wp\/v2\/users\/5"}],"replies":[{"embeddable":true,"href":"http:\/\/rurallascolonias.com.ar\/index.php?rest_route=%2Fwp%2Fv2%2Fcomments&post=5439"}],"version-history":[{"count":1,"href":"http:\/\/rurallascolonias.com.ar\/index.php?rest_route=\/wp\/v2\/posts\/5439\/revisions"}],"predecessor-version":[{"id":5441,"href":"http:\/\/rurallascolonias.com.ar\/index.php?rest_route=\/wp\/v2\/posts\/5439\/revisions\/5441"}],"wp:attachment":[{"href":"http:\/\/rurallascolonias.com.ar\/index.php?rest_route=%2Fwp%2Fv2%2Fmedia&parent=5439"}],"wp:term":[{"taxonomy":"category","embeddable":true,"href":"http:\/\/rurallascolonias.com.ar\/index.php?rest_route=%2Fwp%2Fv2%2Fcategories&post=5439"},{"taxonomy":"post_tag","embeddable":true,"href":"http:\/\/rurallascolonias.com.ar\/index.php?rest_route=%2Fwp%2Fv2%2Ftags&post=5439"}],"curies":[{"name":"wp","href":"https:\/\/api.w.org\/{rel}","templated":true}]}}