{"id":5416,"date":"2015-01-12T11:41:40","date_gmt":"2015-01-12T11:41:40","guid":{"rendered":"http:\/\/rurallascolonias.com.ar\/?p=5416"},"modified":"2015-01-12T11:41:40","modified_gmt":"2015-01-12T11:41:40","slug":"se-espera-otro-dia-de-calor","status":"publish","type":"post","link":"http:\/\/rurallascolonias.com.ar\/?p=5416","title":{"rendered":"Se espera otro d\u00eda de calor"},"content":{"rendered":"<p><em><strong>Y DE HUMEDAD<\/strong><\/em><\/p>\n<h2 class=\"texto_15_gris\" style=\"color: #393939;\"><a href=\"http:\/\/rurallascolonias.com.ar\/wp-content\/uploads\/2015\/01\/calor.jpg\"><img loading=\"lazy\" class=\"aligncenter size-full wp-image-5417\" src=\"http:\/\/rurallascolonias.com.ar\/wp-content\/uploads\/2015\/01\/calor.jpg\" alt=\"calor\" width=\"300\" height=\"168\" \/><\/a>La tormenta el\u00e9ctrica y los chaparrones aislados del fin de semana no fueron suficientes para aplacar el intenso y sopor\u00edfero calor h\u00famedo que azota a la regi\u00f3n.<\/h2>\n<p><!--more--><\/p>\n<p>La tormenta el\u00e9ctrica y los chaparrones aislados del fin de semana no fueron suficientes para aplacar el intenso y sopor\u00edfero calor h\u00famedo que azota a la regi\u00f3n.<\/p>\n<p>Despu\u00e9s de un t\u00e9rmica que toc\u00f3 el techo en los 38 grados, vino la lluvia de domingo a la madrugada acompa\u00f1ada de abundante actividad el\u00e9ctrica, pero nuevamente el calor se hizo presente y castig\u00f3 a los santafesinos, transformando los diferentes puntos de la provincia en un verdadero horno.<\/p>\n<p>Con 21 grados a las 6, amanecimos hoy con un porcentaje de humedad de 96 por ciento, presi\u00f3n de 1007.2 hectopascales y una brisa calma, lo cual anticipa que ser\u00e1 otro d\u00eda infernal cuando la m\u00e1xima pronosticada para hoy llegue o tal vez supere los 35 \u00baC.<\/p>\n<p>En tanto, pese al calor, las precipitaciones llegar\u00e1n entrada la madrugada del martes, seg\u00fan el Servicio Meteorol\u00f3gico Nacional y el resto de los portales extraoficiales del clima. Es que seg\u00fan lo que indica el portal Windgur\u00fa, la mayor cantidad de agua caer\u00e1 a partir de las 3 de la madrugada con promesa de extenderse hasta el mediod\u00eda.<\/p>\n<p>Luego mejorar\u00e1 hacia el mi\u00e9rcoles, con temperaturas m\u00ednimas de 23 y m\u00e1ximas de 34 grados, aproximadamente.<\/p>\n<p>&nbsp;<\/p>\n<div class=\"separador_2\" style=\"color: #393939;\"><\/div>\n<p><span class=\"texto_13_gris\" style=\"color: #393939;\"><em>Fuente:\u00a0<\/em><strong>SM-La Capital<\/strong><\/span><\/p>\n<p>&nbsp;<\/p>\n","protected":false},"excerpt":{"rendered":"<p>Y DE HUMEDAD La tormenta el\u00e9ctrica y los chaparrones aislados del fin de semana no fueron suficientes para aplacar el intenso y sopor\u00edfero calor h\u00famedo que azota a la regi\u00f3n.<\/p>\n","protected":false},"author":5,"featured_media":0,"comment_status":"open","ping_status":"open","sticky":false,"template":"","format":"standard","meta":[],"categories":[40],"tags":[185],"_links":{"self":[{"href":"http:\/\/rurallascolonias.com.ar\/index.php?rest_route=\/wp\/v2\/posts\/5416"}],"collection":[{"href":"http:\/\/rurallascolonias.com.ar\/index.php?rest_route=\/wp\/v2\/posts"}],"about":[{"href":"http:\/\/rurallascolonias.com.ar\/index.php?rest_route=\/wp\/v2\/types\/post"}],"author":[{"embeddable":true,"href":"http:\/\/rurallascolonias.com.ar\/index.php?rest_route=\/wp\/v2\/users\/5"}],"replies":[{"embeddable":true,"href":"http:\/\/rurallascolonias.com.ar\/index.php?rest_route=%2Fwp%2Fv2%2Fcomments&post=5416"}],"version-history":[{"count":1,"href":"http:\/\/rurallascolonias.com.ar\/index.php?rest_route=\/wp\/v2\/posts\/5416\/revisions"}],"predecessor-version":[{"id":5418,"href":"http:\/\/rurallascolonias.com.ar\/index.php?rest_route=\/wp\/v2\/posts\/5416\/revisions\/5418"}],"wp:attachment":[{"href":"http:\/\/rurallascolonias.com.ar\/index.php?rest_route=%2Fwp%2Fv2%2Fmedia&parent=5416"}],"wp:term":[{"taxonomy":"category","embeddable":true,"href":"http:\/\/rurallascolonias.com.ar\/index.php?rest_route=%2Fwp%2Fv2%2Fcategories&post=5416"},{"taxonomy":"post_tag","embeddable":true,"href":"http:\/\/rurallascolonias.com.ar\/index.php?rest_route=%2Fwp%2Fv2%2Ftags&post=5416"}],"curies":[{"name":"wp","href":"https:\/\/api.w.org\/{rel}","templated":true}]}}