{"id":5377,"date":"2015-01-07T11:55:29","date_gmt":"2015-01-07T11:55:29","guid":{"rendered":"http:\/\/rurallascolonias.com.ar\/?p=5377"},"modified":"2015-01-07T11:55:29","modified_gmt":"2015-01-07T11:55:29","slug":"conflicto-con-tamberos-rechazan-la-baja-del-precio-de-la-leche","status":"publish","type":"post","link":"http:\/\/rurallascolonias.com.ar\/?p=5377","title":{"rendered":"Conflicto con tamberos: rechazan la baja del precio de la leche"},"content":{"rendered":"<p><span style=\"color: #333333;\"><a href=\"http:\/\/rurallascolonias.com.ar\/wp-content\/uploads\/2014\/11\/lecher\u00eda-2.png\"><img loading=\"lazy\" class=\"aligncenter size-full wp-image-4959\" src=\"http:\/\/rurallascolonias.com.ar\/wp-content\/uploads\/2014\/11\/lecher\u00eda-2.png\" alt=\"lecher\u00eda 2\" width=\"337\" height=\"149\" srcset=\"http:\/\/rurallascolonias.com.ar\/wp-content\/uploads\/2014\/11\/lecher\u00eda-2.png 337w, http:\/\/rurallascolonias.com.ar\/wp-content\/uploads\/2014\/11\/lecher\u00eda-2-300x132.png 300w\" sizes=\"(max-width: 337px) 100vw, 337px\" \/><\/a>La baja en el precio de la leche que viene registr\u00e1ndose en las principales cuencas lecheras del pa\u00eds encendi\u00f3 nuevamente la pol\u00e9mica entre los tamberos<\/span><!--more--><\/p>\n<div class=\"vsmcontent\" style=\"color: #333333;\">\n<p style=\"color: #333333;\">Esta semana, se est\u00e1 realizando una interminable ronda de reuniones entre los m\u00e1ximos referentes del sector productivo, empresarios y funcionarios nacionales y provinciales, dispuso el sitio Infocampo.<\/p>\n<p style=\"color: #333333;\">Ayer, los directivos de la Mesa Nacional de Productores de Leche (MNPL) se encontraron en la sede porte\u00f1a de la Sociedad Rural (SRA) para evaluar en detalle el actual estado de situaci\u00f3n.<\/p>\n<p style=\"color: #333333;\">\u00abNo podemos tolerar que las industrias dispongan unilateralmente una nueva baja en el precio de la leche en un contexto de suba de costos productivos\u00bb, coment\u00f3 Julio Aimar, coordinador de la MNPL. \u00abVamos a monitorear muy de cerca las pr\u00f3ximas decisiones que lleven adelante las industrias a fin de denunciar todo tipo de manipulaci\u00f3n de precios, reajustes retroactivos hacia la baja, lo que abrir\u00eda la posibilidad de que los productores inicien acciones judiciales\u00bb, agregaron en un comunicado.<\/p>\n<p style=\"color: #333333;\">En tanto, tambi\u00e9n los directivos del Centro de Industria Lechera (CIL) se reunieron con funcionarios de la Secretar\u00eda de Comercio Interior, quienes no ven con buenos ojos la baja de precios al productor, aunque tampoco quieren aumentos al consumidor.<\/p>\n<p style=\"color: #333333;\">En la misma l\u00ednea, el ministro de la Producci\u00f3n de la provincia de Santa Fe, Carlos Fascendini, se reunir\u00e1 hoy con tamberos santafesinos para analizar e intentar frenar la baja de precios de la industria al productor.<\/p>\n<p style=\"color: #333333;\">Por \u00faltimo, est\u00e1 previsto que esta semana el jefe de Gabinete, Jorge Capitanich, el ministro de Agricultura, Carlos Casamiquela, y el subsecretario de Lecher\u00eda, Arturo Videla, reciban a los tamberos.<\/p>\n<p style=\"color: #333333;\">\n<\/div>\n<div class=\"copyright\" style=\"color: #333333;\">\n<div class=\"author\">\u00c1mbito Financiero<\/div>\n<\/div>\n","protected":false},"excerpt":{"rendered":"<p>La baja en el precio de la leche que viene registr\u00e1ndose en las principales cuencas lecheras del pa\u00eds encendi\u00f3 nuevamente la pol\u00e9mica entre los tamberos<\/p>\n","protected":false},"author":5,"featured_media":0,"comment_status":"open","ping_status":"open","sticky":false,"template":"","format":"standard","meta":[],"categories":[46,33],"tags":[1396,566,227],"_links":{"self":[{"href":"http:\/\/rurallascolonias.com.ar\/index.php?rest_route=\/wp\/v2\/posts\/5377"}],"collection":[{"href":"http:\/\/rurallascolonias.com.ar\/index.php?rest_route=\/wp\/v2\/posts"}],"about":[{"href":"http:\/\/rurallascolonias.com.ar\/index.php?rest_route=\/wp\/v2\/types\/post"}],"author":[{"embeddable":true,"href":"http:\/\/rurallascolonias.com.ar\/index.php?rest_route=\/wp\/v2\/users\/5"}],"replies":[{"embeddable":true,"href":"http:\/\/rurallascolonias.com.ar\/index.php?rest_route=%2Fwp%2Fv2%2Fcomments&post=5377"}],"version-history":[{"count":1,"href":"http:\/\/rurallascolonias.com.ar\/index.php?rest_route=\/wp\/v2\/posts\/5377\/revisions"}],"predecessor-version":[{"id":5378,"href":"http:\/\/rurallascolonias.com.ar\/index.php?rest_route=\/wp\/v2\/posts\/5377\/revisions\/5378"}],"wp:attachment":[{"href":"http:\/\/rurallascolonias.com.ar\/index.php?rest_route=%2Fwp%2Fv2%2Fmedia&parent=5377"}],"wp:term":[{"taxonomy":"category","embeddable":true,"href":"http:\/\/rurallascolonias.com.ar\/index.php?rest_route=%2Fwp%2Fv2%2Fcategories&post=5377"},{"taxonomy":"post_tag","embeddable":true,"href":"http:\/\/rurallascolonias.com.ar\/index.php?rest_route=%2Fwp%2Fv2%2Ftags&post=5377"}],"curies":[{"name":"wp","href":"https:\/\/api.w.org\/{rel}","templated":true}]}}