{"id":5370,"date":"2015-01-06T16:30:55","date_gmt":"2015-01-06T16:30:55","guid":{"rendered":"http:\/\/rurallascolonias.com.ar\/?p=5370"},"modified":"2015-01-06T16:30:55","modified_gmt":"2015-01-06T16:30:55","slug":"martes-definitorio-en-el-conflicto-por-la-baja-del-precio-de-la-leche","status":"publish","type":"post","link":"http:\/\/rurallascolonias.com.ar\/?p=5370","title":{"rendered":"Martes definitorio en el conflicto por la baja del precio de la leche"},"content":{"rendered":"<p><a href=\"http:\/\/rurallascolonias.com.ar\/wp-content\/uploads\/2014\/02\/precios-de-la-carne.jpg\"><img loading=\"lazy\" class=\"aligncenter size-full wp-image-1596\" src=\"http:\/\/rurallascolonias.com.ar\/wp-content\/uploads\/2014\/02\/precios-de-la-carne.jpg\" alt=\"precios de la carne\" width=\"225\" height=\"225\" srcset=\"http:\/\/rurallascolonias.com.ar\/wp-content\/uploads\/2014\/02\/precios-de-la-carne.jpg 225w, http:\/\/rurallascolonias.com.ar\/wp-content\/uploads\/2014\/02\/precios-de-la-carne-150x150.jpg 150w\" sizes=\"(max-width: 225px) 100vw, 225px\" \/><\/a>Con la reuni\u00f3n de las industrias en el CIL y su consecuencia ante Augusto Costa, los tamberos conocer\u00e1n la postura de las empresas, ante la iniciativa de bajar 20 centavos en dos meses y dejar en tres pesos la leche por litro. Entre espera y tensiones, la lecher\u00eda argentina escribe un nuevo cap\u00edtulo de una historia fuerte.<!--more--><br \/>\nLa pausa en la protesta autoimpuesta por los tamberos el viernes tendr\u00e1 hoy su tiempo de definici\u00f3n.<br \/>\nDe la comunicaci\u00f3n de la baja de precios, la instancia de di\u00e1logo solicitada, la confirmaci\u00f3n de la medida que llevar\u00e1 diez centavos m\u00e1s abajo al litro de leche en las liquidaciones de este mes y similar n\u00famero para lo que se pague en febrero, dejando a la unidad de medida en los tres pesos, ha ocurrido bastante.<br \/>\nLos bloqueos duraron unas horas con el comienzo del a\u00f1o en Suardi y hoy tendr\u00e1n un momento de definiciones, tanto para la industria, como para los productores, pero as\u00ed tambi\u00e9n para el Gobierno Nacional.<br \/>\nSer\u00e1 el Centro de la Industria Lechera el que se re\u00fana en Buenos Aires, adelantando el encuentro mensual, apurado por la situaci\u00f3n. Hay varios temas pendientes en la agenda, desde diciembre, pero sin dudas los precios ser\u00e1n lo que se deban debatir abiertamente, para entender cu\u00e1l es la postura mayoritaria.<br \/>\nMientras La Seren\u00edsima sale a competir y promete pagar algo m\u00e1s, siendo la \u00fanica en esa sinton\u00eda, esta ma\u00f1ana el planteo ser\u00e1n las modificaciones que se dieron desde el 18 de diciembre en el mercado l\u00e1cteo argentino, con todas sus influencias externas, pero tambi\u00e9n con toda la influencia interna, donde el d\u00f3lar queda como el par\u00e1metro m\u00e1s pesado con su retraso cambiario.<br \/>\nClaro que la carga salarial es otro de los grandes pesos que soporta la industria hoy con permisos de exportaci\u00f3n que est\u00e1n saliendo con cierta agilidad, pero que no tienen motivos de tal apuro porque la ca\u00edda en las ventas al exterior es notoria y a precios irrisorios.<br \/>\nHoy para las industrias es complejo el par\u00e1metro crediticio, por lo tanto, no hay ning\u00fan frente de calma en la batea donde se mezcla todo el panorama. Sin esperanzas acerca del cambio en las pol\u00edticas, en los humores de los funcionarios o de los mismos empresarios, la lecher\u00eda toda deber\u00e1 dar pelea en un plazo de un a\u00f1o complejo, en el que el clima empieza a dejar de colaborar tambi\u00e9n y la debilidad se hace tan cotidiana como la propia tarea del tambo.<br \/>\nSer\u00e1 esto lo que tambi\u00e9n se exponga horas m\u00e1s tarde en la Secretar\u00eda de Comercio Exterior, a pedido del propio CIL. Augusto Costa quiz\u00e1 haga uso de la herencia en el cargo y vuelva a presionar a la industria, para revertir la medida, pero sin ayuda alguna, como ya esperan muchos de los empresarios y como suponen los propios tamberos. M\u00e1s de lo mismo en la actitud oficial.<\/p>\n<p>EN MORTEROS<br \/>\nEl s\u00e1bado por la tarde, Ider Peretti y su esposa, Daniela Borgogno, en calidad de presidente de la Sociedad Rural de Morteros, ella; y \u00e9l como representante del Gobierno Nacional, se reunieron con casi una treintena de productores. Quer\u00edan conocer de primera mano c\u00f3mo se hab\u00edan dado las cosas, cu\u00e1les eran las ideas de los tamberos, pero no dejaron pasar la oportunidad para expresar algunas ideas conspirativas.<br \/>\nLo cierto es que con todo el recuento de instancias, donde no faltaron las facturas pasadas al oficialista por la falta de respuesta a tiempo en otras instancias, como la de julio pasado cuando el propio Subsecretario de Lecher\u00eda prometi\u00f3 ayudas y encuentros que quedaron en la nada, tambi\u00e9n se escucharon frases como \u201cesto es producto del terrorismo lechero\u201d, al cual Peretti le puso apellidos bien t\u00edpicos rafaelinos, confirmando lo que desde este espacio predicamos sobre el cambio de eje de las decisiones en la lecher\u00eda nacional.<br \/>\nEl hombre que consigui\u00f3 instalar un centro de gen\u00e9tica, del cual no se conocen resultados, a pesar de los millonarios aportes del Estado, se comprometi\u00f3 a elevar la causa al Jefe de Gabinete de Ministros. Supuestamente, ayer por la ma\u00f1ana Jorge Capitanich ten\u00eda en su oficina un informe del caso, pero a\u00fan no hubo convocatorias ejecutivas para debatirlo.<\/p>\n<p>LA ESPERA<br \/>\nLos productores hab\u00edan conseguido el 2 de enero la promesa de postergar la impresi\u00f3n de liquidaciones hasta despu\u00e9s del encuentro del CIL, para que se pueda revertir la medida, en caso de existir alg\u00fan cambio.<br \/>\nDe todos modos, la palabra se cumple y con la tensi\u00f3n del caso, hasta que no se abra la puerta de la primera reuni\u00f3n, no se avanzar\u00e1 demasiado en la protesta.<br \/>\nEl apoyo de todos los sectores productivos, a los que se a\u00f1aden los cordobeses y los bonaerenses plantea un escenario que deber\u00e1 construir fortalezas para poder afrontar el pedido de sostenimiento de precios, pero tambi\u00e9n para poder trasladar el reclamo de una manera bien concreta hacia la sociedad, en caso de no revertirse la medida confirmada por Williner y Ver\u00f3nica, a la cual se sumar\u00e1n en las pr\u00f3ximas semanas otras empresas, de las grandes y claro que tambi\u00e9n de las m\u00e1s chicas.<br \/>\nTodo esto se repasar\u00e1 ma\u00f1ana mi\u00e9rcoles a las 11 horas, cuando el ministro de la Producci\u00f3n, Carlos Fascendini se re\u00fana en la sede de la cartera con representantes de los productores, los industriales y las pymes que conforman la Cadena de Valor L\u00e1ctea Santafesina.<br \/>\nEl interrogante que se sumar\u00e1 a esto es si por la baja en los precios y la convulsi\u00f3n que esto representa Santa Fe se animar\u00e1 a seguir adelante con la contraposici\u00f3n de sistemas, donde la liquidaci\u00f3n \u00fanica es cuestionada por debajo del Acuerdo L\u00e1cteo Santafesino, hecho que tiene fecha para el pr\u00f3ximo 14.<br \/>\nPor Elida Thiery<\/p>\n<p>Fuente: diariolaopinion.com.ar<\/p>\n","protected":false},"excerpt":{"rendered":"<p>Con la reuni\u00f3n de las industrias en el CIL y su consecuencia ante Augusto Costa, los tamberos conocer\u00e1n la postura de las empresas, ante la iniciativa de bajar 20 centavos en dos meses y dejar en tres pesos la leche por litro. Entre espera y tensiones, la lecher\u00eda argentina escribe un nuevo cap\u00edtulo de una [&hellip;]<\/p>\n","protected":false},"author":5,"featured_media":0,"comment_status":"open","ping_status":"open","sticky":false,"template":"","format":"standard","meta":[],"categories":[46],"tags":[1396,566],"_links":{"self":[{"href":"http:\/\/rurallascolonias.com.ar\/index.php?rest_route=\/wp\/v2\/posts\/5370"}],"collection":[{"href":"http:\/\/rurallascolonias.com.ar\/index.php?rest_route=\/wp\/v2\/posts"}],"about":[{"href":"http:\/\/rurallascolonias.com.ar\/index.php?rest_route=\/wp\/v2\/types\/post"}],"author":[{"embeddable":true,"href":"http:\/\/rurallascolonias.com.ar\/index.php?rest_route=\/wp\/v2\/users\/5"}],"replies":[{"embeddable":true,"href":"http:\/\/rurallascolonias.com.ar\/index.php?rest_route=%2Fwp%2Fv2%2Fcomments&post=5370"}],"version-history":[{"count":1,"href":"http:\/\/rurallascolonias.com.ar\/index.php?rest_route=\/wp\/v2\/posts\/5370\/revisions"}],"predecessor-version":[{"id":5371,"href":"http:\/\/rurallascolonias.com.ar\/index.php?rest_route=\/wp\/v2\/posts\/5370\/revisions\/5371"}],"wp:attachment":[{"href":"http:\/\/rurallascolonias.com.ar\/index.php?rest_route=%2Fwp%2Fv2%2Fmedia&parent=5370"}],"wp:term":[{"taxonomy":"category","embeddable":true,"href":"http:\/\/rurallascolonias.com.ar\/index.php?rest_route=%2Fwp%2Fv2%2Fcategories&post=5370"},{"taxonomy":"post_tag","embeddable":true,"href":"http:\/\/rurallascolonias.com.ar\/index.php?rest_route=%2Fwp%2Fv2%2Ftags&post=5370"}],"curies":[{"name":"wp","href":"https:\/\/api.w.org\/{rel}","templated":true}]}}