{"id":5354,"date":"2015-01-05T17:40:52","date_gmt":"2015-01-05T17:40:52","guid":{"rendered":"http:\/\/rurallascolonias.com.ar\/?p=5354"},"modified":"2015-01-05T17:40:52","modified_gmt":"2015-01-05T17:40:52","slug":"danone-y-su-foco-en-la-serenisima","status":"publish","type":"post","link":"http:\/\/rurallascolonias.com.ar\/?p=5354","title":{"rendered":"Danone y su foco en La Seren\u00edsima"},"content":{"rendered":"<p><a href=\"http:\/\/rurallascolonias.com.ar\/wp-content\/uploads\/2015\/01\/Danone-y-La-Seren\u00edsima.png\"><img loading=\"lazy\" class=\"aligncenter size-full wp-image-5355\" src=\"http:\/\/rurallascolonias.com.ar\/wp-content\/uploads\/2015\/01\/Danone-y-La-Seren\u00edsima.png\" alt=\"Danone y La Seren\u00edsima\" width=\"236\" height=\"213\" \/><\/a>El presidente de Danone colocar\u00e1 una placa de homenaje, en lo que es un indicio de negociaciones.<!--more--><br \/>\nAunque durante 2014 no estuvo en el d\u00eda a d\u00eda de La Seren\u00edsima, la muerte de Pascual Mastellone, el \u00faltimo agosto, trasciende su empresa. Mastellone fue un jugador clave que, al concentrar el 85% de la venta de leche fluida del pa\u00eds, marcaba el paso al resto de la industria. Por esa elevada participaci\u00f3n, La Seren\u00edsima sobresale hoy en el mundo. A Mastellone le sobreviven 15 herederos entre hermanos, hijos y sobrinos, que hab\u00edan vivido escondidos en su reinado. Ahora est\u00e1n saliendo a la luz. De all\u00ed, la necesidad que le atribuyen al actual CEO Jos\u00e9 Moreno, hist\u00f3rico hombre de confianza de Don Pascual, de subir su perfil. Parte de esa estrategia explica su lugar en la foto de los personajes del a\u00f1o de la revista Gente.<\/p>\n<p>Pero la novedad son negociaciones que algunos califican de resbaladizas y otros en firme, entre Danone y La Seren\u00edsima. Por lo pronto, Franck Riboud, presidente global de Danone, llegar\u00e1 a General Rodr\u00edguez para colocar una placa en homenaje a Don Pascual. La relaci\u00f3n entre ambas firmas naci\u00f3 en 1996 y se fortaleci\u00f3 con el tiempo, a tal punto que Danone lleva en sus camiones los productos Mastellone. El a\u00f1o pasado, Danone compr\u00f3 a La Seren\u00edsima una planta de acopio y le permiti\u00f3 saldar una deuda que la asfixiaba. Y hay quienes ven el largo abrazo de Danone en la renegociaci\u00f3n de una ON de La Seren\u00edsima que extendi\u00f3 el plazo por otros 5 a\u00f1os.<\/p>\n<p>En el sector l\u00e1cteo tienen certeza sobre cambios en La Seren\u00edsima. Y se preguntan si Danone actuar\u00e1 solo o con Arcor, su socio en Bagley. O si ofertar\u00e1n por toda la empresa o una parte. Los franceses no solo deber\u00edan acordar con los herederos de Mastellone. Tambi\u00e9n, con el fondo Dallpoint, de Carlos Agote, que ostenta el 33%.<\/p>\n<p>Todo sucede junto al derrumbe del precio de la leche en polvo que cay\u00f3 de US$ 4.800 a 3.300 la tonelada. Mala noticia para una Argentina que exporta 25% de su producci\u00f3n.<br \/>\nwww.ieco.clarin.com<\/p>\n","protected":false},"excerpt":{"rendered":"<p>El presidente de Danone colocar\u00e1 una placa de homenaje, en lo que es un indicio de negociaciones.<\/p>\n","protected":false},"author":5,"featured_media":0,"comment_status":"open","ping_status":"open","sticky":false,"template":"","format":"standard","meta":[],"categories":[14],"tags":[940,487],"_links":{"self":[{"href":"http:\/\/rurallascolonias.com.ar\/index.php?rest_route=\/wp\/v2\/posts\/5354"}],"collection":[{"href":"http:\/\/rurallascolonias.com.ar\/index.php?rest_route=\/wp\/v2\/posts"}],"about":[{"href":"http:\/\/rurallascolonias.com.ar\/index.php?rest_route=\/wp\/v2\/types\/post"}],"author":[{"embeddable":true,"href":"http:\/\/rurallascolonias.com.ar\/index.php?rest_route=\/wp\/v2\/users\/5"}],"replies":[{"embeddable":true,"href":"http:\/\/rurallascolonias.com.ar\/index.php?rest_route=%2Fwp%2Fv2%2Fcomments&post=5354"}],"version-history":[{"count":1,"href":"http:\/\/rurallascolonias.com.ar\/index.php?rest_route=\/wp\/v2\/posts\/5354\/revisions"}],"predecessor-version":[{"id":5356,"href":"http:\/\/rurallascolonias.com.ar\/index.php?rest_route=\/wp\/v2\/posts\/5354\/revisions\/5356"}],"wp:attachment":[{"href":"http:\/\/rurallascolonias.com.ar\/index.php?rest_route=%2Fwp%2Fv2%2Fmedia&parent=5354"}],"wp:term":[{"taxonomy":"category","embeddable":true,"href":"http:\/\/rurallascolonias.com.ar\/index.php?rest_route=%2Fwp%2Fv2%2Fcategories&post=5354"},{"taxonomy":"post_tag","embeddable":true,"href":"http:\/\/rurallascolonias.com.ar\/index.php?rest_route=%2Fwp%2Fv2%2Ftags&post=5354"}],"curies":[{"name":"wp","href":"https:\/\/api.w.org\/{rel}","templated":true}]}}