{"id":532,"date":"2013-12-17T01:42:58","date_gmt":"2013-12-17T01:42:58","guid":{"rendered":"http:\/\/rurallascolonias.com.ar\/?p=532"},"modified":"2013-12-17T01:42:58","modified_gmt":"2013-12-17T01:42:58","slug":"para-duhalde-el-gobierno-gasto-el-dinero-del-campo-en-un-populismo-absurdo","status":"publish","type":"post","link":"http:\/\/rurallascolonias.com.ar\/?p=532","title":{"rendered":"PARA DUHALDE EL GOBIERNO GAST\u00d3 EL DINERO DEL CAMPO EN  \u00abUN POPULISMO ABSURDO\u00bb"},"content":{"rendered":"<p><strong><em><a href=\"http:\/\/rurallascolonias.com.ar\/wp-content\/uploads\/2013\/12\/DUHALDE.jpg\"><img loading=\"lazy\" class=\"alignleft size-full wp-image-533\" alt=\"DUHALDE\" src=\"http:\/\/rurallascolonias.com.ar\/wp-content\/uploads\/2013\/12\/DUHALDE.jpg\" width=\"337\" height=\"149\" srcset=\"http:\/\/rurallascolonias.com.ar\/wp-content\/uploads\/2013\/12\/DUHALDE.jpg 337w, http:\/\/rurallascolonias.com.ar\/wp-content\/uploads\/2013\/12\/DUHALDE-300x132.jpg 300w\" sizes=\"(max-width: 337px) 100vw, 337px\" \/><\/a>El expresidente pidi\u00f3 \u00abestar unidos\u00bb para apoyar al sector agropecuario.<\/em><\/strong><\/p>\n<p>El expresidente Eduardo Duhalde calific\u00f3 a la mala relaci\u00f3n entre el Gobierno y el campo como \u00abalgo rid\u00edculo\u00bb y asegur\u00f3 que el Ejecutivo \u00abva a tener que ceder a no tener al campo como enemigo\u00bb.<!--more--><\/p>\n<p>Duhalde opin\u00f3 que \u00abtenemos que estar juntos y apoyando a este sector (el agropecuario que es el m\u00e1s din\u00e1mico de la econom\u00eda argentina\u00bb.<\/p>\n<p>Adem\u00e1s, destac\u00f3 que \u00abtodos los pa\u00edses iberoamericanos han crecido\u00bb en los \u00faltimos a\u00f1os, debido a que sus \u00abproductos en los mercados internacionales valen m\u00e1s que las factor\u00edas industriales\u00bb.<\/p>\n<p>Por lo tanto el tema es \u00abcomo se gasta el dinero\u00bb. En ese sentido sentenci\u00f3 que \u00ablos vecinos han hecho una inversi\u00f3n como corresponde\u00bb mientras que \u00abotros, como nosotros, lo hemos gastado en un populismo absurdo\u00bb.<\/p>\n<p>Fuente: Infocampo<\/p>\n","protected":false},"excerpt":{"rendered":"<p>El expresidente pidi\u00f3 \u00abestar unidos\u00bb para apoyar al sector agropecuario. El expresidente Eduardo Duhalde calific\u00f3 a la mala relaci\u00f3n entre el Gobierno y el campo como \u00abalgo rid\u00edculo\u00bb y asegur\u00f3 que el Ejecutivo \u00abva a tener que ceder a no tener al campo como enemigo\u00bb.<\/p>\n","protected":false},"author":5,"featured_media":0,"comment_status":"closed","ping_status":"closed","sticky":false,"template":"","format":"standard","meta":[],"categories":[33],"tags":[196,197,198],"_links":{"self":[{"href":"http:\/\/rurallascolonias.com.ar\/index.php?rest_route=\/wp\/v2\/posts\/532"}],"collection":[{"href":"http:\/\/rurallascolonias.com.ar\/index.php?rest_route=\/wp\/v2\/posts"}],"about":[{"href":"http:\/\/rurallascolonias.com.ar\/index.php?rest_route=\/wp\/v2\/types\/post"}],"author":[{"embeddable":true,"href":"http:\/\/rurallascolonias.com.ar\/index.php?rest_route=\/wp\/v2\/users\/5"}],"replies":[{"embeddable":true,"href":"http:\/\/rurallascolonias.com.ar\/index.php?rest_route=%2Fwp%2Fv2%2Fcomments&post=532"}],"version-history":[{"count":1,"href":"http:\/\/rurallascolonias.com.ar\/index.php?rest_route=\/wp\/v2\/posts\/532\/revisions"}],"predecessor-version":[{"id":534,"href":"http:\/\/rurallascolonias.com.ar\/index.php?rest_route=\/wp\/v2\/posts\/532\/revisions\/534"}],"wp:attachment":[{"href":"http:\/\/rurallascolonias.com.ar\/index.php?rest_route=%2Fwp%2Fv2%2Fmedia&parent=532"}],"wp:term":[{"taxonomy":"category","embeddable":true,"href":"http:\/\/rurallascolonias.com.ar\/index.php?rest_route=%2Fwp%2Fv2%2Fcategories&post=532"},{"taxonomy":"post_tag","embeddable":true,"href":"http:\/\/rurallascolonias.com.ar\/index.php?rest_route=%2Fwp%2Fv2%2Ftags&post=532"}],"curies":[{"name":"wp","href":"https:\/\/api.w.org\/{rel}","templated":true}]}}