{"id":5259,"date":"2014-12-23T17:04:18","date_gmt":"2014-12-23T17:04:18","guid":{"rendered":"http:\/\/rurallascolonias.com.ar\/?p=5259"},"modified":"2014-12-23T17:04:18","modified_gmt":"2014-12-23T17:04:18","slug":"el-no-a-la-liquidacion-unica-se-sostiene-desde-santa-fe","status":"publish","type":"post","link":"http:\/\/rurallascolonias.com.ar\/?p=5259","title":{"rendered":"El no a la liquidaci\u00f3n \u00fanica se sostiene desde Santa Fe"},"content":{"rendered":"<p><a href=\"http:\/\/rurallascolonias.com.ar\/wp-content\/uploads\/2014\/12\/performance-en-leche.png\"><img loading=\"lazy\" class=\"aligncenter size-full wp-image-5094\" src=\"http:\/\/rurallascolonias.com.ar\/wp-content\/uploads\/2014\/12\/performance-en-leche.png\" alt=\"performance en leche\" width=\"276\" height=\"183\" \/><\/a>La reuni\u00f3n mantenida entre la provincia y la Naci\u00f3n, dej\u00f3 como resultado una instancia de mediaci\u00f3n el pr\u00f3ximo 14 de enero, ante los asesores del sistema de pago por calidad de materia prima. Comp\u00e1s de espera para las diferencias que pueden hacer fracasar un sistema ansiado por todas las partes.<!--more--><\/p>\n<p>Santa Fe tiene una resoluci\u00f3n propia, que consideramos que es superior a lo que quiere sacar la Naci\u00f3n\u201d, dijo uno de los presentes en la reuni\u00f3n que hoy por la ma\u00f1ana y durante varias horas se llev\u00f3 a cabo en el Ministerio de la Producci\u00f3n de la provincia, donde estuvieron presentes Jorge Videla, subsecretario de Lecher\u00eda a nivel nacional y Roberto Soc\u00edn, director de Planificaci\u00f3n, enviados por el Ministro de Agricultura Ganader\u00eda y Pesca, Carlos Casamiquela, para mediar en el tema.<br \/>\nCarlos Fascendini, como titular de la cartera encabez\u00f3 el encuentro en el que estuvieron representantes de la producci\u00f3n, as\u00ed como de la industria, secundando este planteo santafesino, que ayer se defendi\u00f3 de buena manera.<br \/>\nHay diferencias muy claras entre provincia y Naci\u00f3n, por lo tanto, al no poder igualarlas este lunes, se traslad\u00f3 el debate para el 14 de enero, ante la Comisi\u00f3n Asesora del Sistema de Liquidaci\u00f3n Unica, momento en el cual ya estar\u00e1n en marcha los plazos legales para mejorar esta forma de pago por calidad, donde desde el 1\u00b0 de enero, se deje atr\u00e1s el pago del 20 por ciento por las bonificaciones que elija cada industria del total del precio y se cambie esa progresi\u00f3n al 85\/15 en casi dos semanas, prevaleciendo los componentes. En el inicio de julio, se trasladar\u00e1 al 90\/10, para que sea definitivamente el 95\/5 desde el d\u00eda inicial de 2016.<br \/>\nTodo se remonta a San Francisco, tal como fuera mencionado en el Consejo Federal Lechero \u00faltimo, donde el tema del ordenamiento lechero santafesino prevaleci\u00f3. En 2002 se hab\u00eda hablado de un escalonamiento de acciones tendientes a ordenar al sector. La leche de referencia como primera instancia, seguido por los laboratorios independientes y luego la liquidaci\u00f3n en formato \u00fanico, por la l\u00f3gica que requiere esta estructuraci\u00f3n, alternando los factores el resultado no puede darse de manera efectiva. Lo cierto es que la Resoluci\u00f3n 189, a la que se le a\u00f1ade la 344, no estipulan una leche de referencia ni de comparabilidad, porque no existen par\u00e1metros de componentes y sus precios correspondientes. C\u00f3mo se entiende mejor esto es mirando al mercado de granos, de la pizarra de soja, se desprende un precio para tomar referencias, ya que se considera el standard del grano para ponerlo como objetivo y a partir de esas cifras pagar m\u00e1s o menos, seg\u00fan corresponda por calidad. Es as\u00ed que al no tener un standard definido, las bonificaciones no se sabe sobre qu\u00e9 par\u00e1metro se aplican, siendo un punto clave para la confusi\u00f3n. M\u00e1s a\u00fan si se tiene en cuenta que deber\u00eda enviarseles a los productores durante seis meses las dos maneras conjuntas de liquidaci\u00f3n, la actual y la \u00fanica, para que sea clara la forma de impacto de las nuevas cifras en las explotaciones, si no se generan cambios en la manera de producir, hecho que debe verse en los resultados cualitativos de la materia prima.<br \/>\nClaro que en el plano de las bonificaciones, la falta de libertad ante la que se encuentran las industrias fue uno de los t\u00f3picos mencionados en la capital santafesina, porque as\u00ed se recortan las herramientas de competencia de cada empresa, hecho en el que coinciden los tamberos por entender que se cercena la libertad de comercio.<br \/>\nPero Santa Fe en su Acuerdo L\u00e1cteo tiene un precio de referencia, sobre una leche de referencia, mientras en la Naci\u00f3n lo \u00fanico que se publica es un precio promedio entre todas las calidades de materia prima. Entonces con referencias composicionales y de precios, se le puede dar lugar a los contratos.<br \/>\nEs as\u00ed que con el inicio del a\u00f1o el sistema se activar\u00e1, que reci\u00e9n debera aguardarse por el 14 de enero para debatirlo, si el sistema nacional es inferior o no al de Santa Fe, con lo cual ya las industrias esgrimieron que muchas quedar\u00e1n en la ilegalidad, que no podr\u00e1n cumplir con los par\u00e1metros, mientras haya muchos tamberos que pasen a cobrar 2,80 pesos, en un momento en que la leche se acerca a los 3,30 en promedio, luego de una primavera at\u00edpica con poca leche y un verano en el que las industrias quieren asegurarse sus procesos. Entonces el conflicto ser\u00e1 inevitable, muchos que cobraban menos de lo que les correspond\u00eda deber\u00e1n recibir un marco concreto de respuesta, tal como lo esgrim\u00eda la semana anterior en un comunicado la Confederaci\u00f3n de Asociaciones Rurales de Santa Fe.<br \/>\nLos que saben, que son varios en la provincia y tambi\u00e9n a nivel nacional, quieren lograr que se abra a dos \u00e1mbitos de debate, el t\u00e9cnico y el pol\u00edtico, para que el consenso y las posibilidades de llevar adelante una medida que puede cambiar el rumbo lechero argentino, se concrete de la mejor manera. De ser s\u00f3lo uno de estos dos brazos el utilizado, la liquidaci\u00f3n \u00fanica quedar\u00e1 manca y su trascendencia ser\u00e1 poca, donde s\u00f3lo la imposici\u00f3n ser\u00e1 la triunfante, m\u00e9todo conocido y remanido, a pesar de sus escazos resultados en los a\u00f1os recientes.<br \/>\nEs una cuesti\u00f3n de provincia ante Naci\u00f3n, de detalles t\u00e9cnicos y resultados concretos los que se exponen y que reci\u00e9n el 14 de enero se explicitar\u00e1n en Buenos Aires. Quiz\u00e1 el c\u00famulo del milagro navide\u00f1o y el de los reyes magos, hagan que con la decantaci\u00f3n de los d\u00edas, el promedio del primer mes del a\u00f1o nos haga arribar a una apertura que la lecher\u00eda espera de manera absoluta, desde fines de 2007, pensando en lo transcurrido en este \u00faltimo tramo de historia.<\/p>\n<p>Elida Thiery<\/p>\n","protected":false},"excerpt":{"rendered":"<p>La reuni\u00f3n mantenida entre la provincia y la Naci\u00f3n, dej\u00f3 como resultado una instancia de mediaci\u00f3n el pr\u00f3ximo 14 de enero, ante los asesores del sistema de pago por calidad de materia prima. Comp\u00e1s de espera para las diferencias que pueden hacer fracasar un sistema ansiado por todas las partes.<\/p>\n","protected":false},"author":5,"featured_media":0,"comment_status":"open","ping_status":"open","sticky":false,"template":"","format":"standard","meta":[],"categories":[46],"tags":[243,119],"_links":{"self":[{"href":"http:\/\/rurallascolonias.com.ar\/index.php?rest_route=\/wp\/v2\/posts\/5259"}],"collection":[{"href":"http:\/\/rurallascolonias.com.ar\/index.php?rest_route=\/wp\/v2\/posts"}],"about":[{"href":"http:\/\/rurallascolonias.com.ar\/index.php?rest_route=\/wp\/v2\/types\/post"}],"author":[{"embeddable":true,"href":"http:\/\/rurallascolonias.com.ar\/index.php?rest_route=\/wp\/v2\/users\/5"}],"replies":[{"embeddable":true,"href":"http:\/\/rurallascolonias.com.ar\/index.php?rest_route=%2Fwp%2Fv2%2Fcomments&post=5259"}],"version-history":[{"count":1,"href":"http:\/\/rurallascolonias.com.ar\/index.php?rest_route=\/wp\/v2\/posts\/5259\/revisions"}],"predecessor-version":[{"id":5260,"href":"http:\/\/rurallascolonias.com.ar\/index.php?rest_route=\/wp\/v2\/posts\/5259\/revisions\/5260"}],"wp:attachment":[{"href":"http:\/\/rurallascolonias.com.ar\/index.php?rest_route=%2Fwp%2Fv2%2Fmedia&parent=5259"}],"wp:term":[{"taxonomy":"category","embeddable":true,"href":"http:\/\/rurallascolonias.com.ar\/index.php?rest_route=%2Fwp%2Fv2%2Fcategories&post=5259"},{"taxonomy":"post_tag","embeddable":true,"href":"http:\/\/rurallascolonias.com.ar\/index.php?rest_route=%2Fwp%2Fv2%2Ftags&post=5259"}],"curies":[{"name":"wp","href":"https:\/\/api.w.org\/{rel}","templated":true}]}}