{"id":525,"date":"2013-12-16T14:23:15","date_gmt":"2013-12-16T14:23:15","guid":{"rendered":"http:\/\/rurallascolonias.com.ar\/?p=525"},"modified":"2013-12-16T14:23:15","modified_gmt":"2013-12-16T14:23:15","slug":"crecen-los-reclamos-para-que-la-afip-devuelva-el-iva-a-la-venta-de-granos","status":"publish","type":"post","link":"http:\/\/rurallascolonias.com.ar\/?p=525","title":{"rendered":"CRECEN LOS RECLAMOS PARA QUE LA AFIP DEVUELVA EL IVA A LA VENTA DE GRANOS"},"content":{"rendered":"<p><em><strong><a href=\"http:\/\/rurallascolonias.com.ar\/wp-content\/uploads\/2013\/12\/venta-de-granos.jpg\"><img loading=\"lazy\" class=\"aligncenter size-full wp-image-526\" alt=\"venta de granos\" src=\"http:\/\/rurallascolonias.com.ar\/wp-content\/uploads\/2013\/12\/venta-de-granos.jpg\" width=\"337\" height=\"149\" srcset=\"http:\/\/rurallascolonias.com.ar\/wp-content\/uploads\/2013\/12\/venta-de-granos.jpg 337w, http:\/\/rurallascolonias.com.ar\/wp-content\/uploads\/2013\/12\/venta-de-granos-300x132.jpg 300w\" sizes=\"(max-width: 337px) 100vw, 337px\" \/><\/a>Se presentan por lo menos dos amparos por d\u00eda; la deuda total con los productores supera los $ 5000 millones.<!--more--><\/strong><\/em><\/p>\n<p>Por intermedio de una verdadera lluvia de recursos de amparo presentados ante la Justicia, decenas de productores comenzaron a recuperar el IVA por la venta de granos retenido por la Administraci\u00f3n Federal de Ingresos P\u00fablicos (AFIP).<\/p>\n<p>Sin embargo, el atraso en la devoluci\u00f3n de ese impuesto ya asciende a un promedio de 18 meses, cuando el reintegro se deber\u00eda hacer a no m\u00e1s de 60 d\u00edas de plazo. Como consecuencia de las demoras, hoy la AFIP les adeuda a los productores un monto cercano a 5000 millones de pesos, seg\u00fan estiman fuentes del sector.<\/p>\n<p>La venta de granos est\u00e1 gravada con una al\u00edcuota de IVA del 10,5%. Cuando liquida el producto, el productor recibe 2,5%, mientras se le retiene el 8%. Por resoluci\u00f3n oficial, el 87,5% del importe retenido debe ser acreditado en la cuenta bancaria del productor (mediante su CBU) a los 45 d\u00edas de la fecha de vencimiento de la declaraci\u00f3n jurada de IVA en la que constan la ventas que est\u00e1n sujetas a la retenci\u00f3n.<\/p>\n<p>Sin embargo, en la pr\u00e1ctica hay fuertes demoras. \u00abEn la actualidad, hay productores que llevan m\u00e1s de 18 meses de atrasos en estos cobros\u00bb, expres\u00f3 Juan Manuel Barrero, de la consultora Barrero &amp; Larroud\u00e9, ante la consulta de LA NACION.<\/p>\n<p>Ese atraso equivale a por lo menos una campa\u00f1a agr\u00edcola y media, y significa un golpe econ\u00f3mico para el productor.<\/p>\n<p>\u00abCuando no le devuelven [el IVA], el productor pierde capital de trabajo para comprar semillas y fertilizantes, por ejemplo\u00bb, grafic\u00f3 Ernesto Ambrosetti, economista jefe del Instituto de Estudios Econ\u00f3micos y Negociaciones Internacionales de la Sociedad Rural Argentina (SRA).<\/p>\n<p>IMPACTO INFLACIONARIO<\/p>\n<p>Barrero precis\u00f3: \u00abEn la Argentina 18 meses de mora representan un 35 por ciento de inflaci\u00f3n como m\u00ednimo. Por lo tanto, el productor tiene que adquirir insumos, realizar gastos y pagar servicios, y \u00e9stos van acompa\u00f1ando el nivel de inflaci\u00f3n. Lo cual, al no contar a tiempo con esos recursos que le pertenecen lo complica incluso econ\u00f3micamente. Con un d\u00f3lar en alza y muchos insumos que siguen el valor de esa divisa, el no contar con el dinero de las retenciones [del IVA] hace que el productor muchas veces deba recurrir a pr\u00e9stamos bancarios o de particulares\u00bb.<\/p>\n<p>Ante esta situaci\u00f3n, m\u00e1s productores est\u00e1n recurriendo a los amparos y acceden as\u00ed a la posibilidad de cobrar por v\u00eda judicial. La consultora Barrero &amp; Larroud\u00e9, por ejemplo, ya logr\u00f3 resolver unos 35 casos que representan unos $ 42 millones recuperados.<\/p>\n<p>La cifra parece baja en relaci\u00f3n con la deuda total con los productores, pero la acci\u00f3n judicial marca una tendencia que crece. \u00abHasta hace unos meses, se presentaban uno o dos amparos por semana, y ahora ya son uno o dos por d\u00eda\u00bb, ilustr\u00f3 Barrero a LA NACION.<\/p>\n<p>En la pr\u00e1ctica, el productor agr\u00edcola primero acude al pronto despacho y, cuando observa que la AFIP no les hace el reintegro, despu\u00e9s presenta el amparo por mora ante el Tribunal Fiscal de la Naci\u00f3n.<\/p>\n<p>\u00abHasta el momento, el ciento por ciento de los casos que hemos presentado han sido resueltos favorablemente. Siempre la AFIP, hasta la fecha, ha acreditado en la CBU informada incluso antes del \u00faltimo d\u00eda del vencimiento del plazo. Desde que se inicia el primer paso con el pronto despacho hasta la acreditaci\u00f3n en la cuenta nunca se superaron los 60 d\u00edas corridos\u00bb, afirm\u00f3 el experto de la consultora.<\/p>\n<p>Si bien en el sector se estima que la deuda del organismo p\u00fablico con los productores ronda los 5000 millones de pesos, en esta consultora creen, por un c\u00e1lculo que hicieron durante varios meses, que incluso superar\u00eda los 7000 millones de pesos. Y consideran este monto sin contar las nuevas ventas que se hacen.<\/p>\n<p>Juan Kelly, economista de Confederaciones Rurales Argentinas (CRA), tambi\u00e9n hizo hincapi\u00e9 en las consecuencias de la falta de devoluci\u00f3n del IVA.<\/p>\n<p>\u00abEs necesario devolver el IVA retenido a los productores. La falta de capital de trabajo propio, producto de esta retenci\u00f3n de recursos que contradice los plazos que establecen las normas de la AFIP, hace encarecer el financiamiento de toda la red de producci\u00f3n y comercializaci\u00f3n, y eso implica menos inversi\u00f3n y menos trabajo\u00bb, subray\u00f3 Kelly.<\/p>\n<p>Por lo pronto, el amparo por mora es la alternativa a la que est\u00e1n recurriendo muchos productores para hacerse de esos recursos retenidos.<\/p>\n<p>UN C\u00cdRCULO VICIOSO<\/p>\n<p>Al\u00edcuotas<br \/>\nLa venta de granos paga una tasa del IVA del 10,5%. En el momento de liquidar, al productor se le reintegran 2,5 puntos<br \/>\nPlazos de reintegro<br \/>\nDe los 8 puntos retenidos, el 87,5% debe ser acreditado en la cuenta del productor a los 45 d\u00edas del vencimiento de la declaraci\u00f3n jurada del IVA<br \/>\nCobros demorados<br \/>\nSe calcula que hoy esos cobros acumulan un atraso de por lo menos 18 meses<br \/>\nImpacto<br \/>\nCuando no le devuelven el IVA, el productor pierde capital de trabajo para comprar insumos<\/p>\n<p>Fuente: La Naci\u00f3n<\/p>\n","protected":false},"excerpt":{"rendered":"<p>Se presentan por lo menos dos amparos por d\u00eda; la deuda total con los productores supera los $ 5000 millones.<\/p>\n","protected":false},"author":5,"featured_media":0,"comment_status":"closed","ping_status":"closed","sticky":false,"template":"","format":"standard","meta":[],"categories":[42],"tags":[193,194,192,85],"_links":{"self":[{"href":"http:\/\/rurallascolonias.com.ar\/index.php?rest_route=\/wp\/v2\/posts\/525"}],"collection":[{"href":"http:\/\/rurallascolonias.com.ar\/index.php?rest_route=\/wp\/v2\/posts"}],"about":[{"href":"http:\/\/rurallascolonias.com.ar\/index.php?rest_route=\/wp\/v2\/types\/post"}],"author":[{"embeddable":true,"href":"http:\/\/rurallascolonias.com.ar\/index.php?rest_route=\/wp\/v2\/users\/5"}],"replies":[{"embeddable":true,"href":"http:\/\/rurallascolonias.com.ar\/index.php?rest_route=%2Fwp%2Fv2%2Fcomments&post=525"}],"version-history":[{"count":1,"href":"http:\/\/rurallascolonias.com.ar\/index.php?rest_route=\/wp\/v2\/posts\/525\/revisions"}],"predecessor-version":[{"id":527,"href":"http:\/\/rurallascolonias.com.ar\/index.php?rest_route=\/wp\/v2\/posts\/525\/revisions\/527"}],"wp:attachment":[{"href":"http:\/\/rurallascolonias.com.ar\/index.php?rest_route=%2Fwp%2Fv2%2Fmedia&parent=525"}],"wp:term":[{"taxonomy":"category","embeddable":true,"href":"http:\/\/rurallascolonias.com.ar\/index.php?rest_route=%2Fwp%2Fv2%2Fcategories&post=525"},{"taxonomy":"post_tag","embeddable":true,"href":"http:\/\/rurallascolonias.com.ar\/index.php?rest_route=%2Fwp%2Fv2%2Ftags&post=525"}],"curies":[{"name":"wp","href":"https:\/\/api.w.org\/{rel}","templated":true}]}}