{"id":5246,"date":"2014-12-22T16:38:15","date_gmt":"2014-12-22T16:38:15","guid":{"rendered":"http:\/\/rurallascolonias.com.ar\/?p=5246"},"modified":"2014-12-22T16:38:15","modified_gmt":"2014-12-22T16:38:15","slug":"santa-fe-rechazara-hoy-la-liquidacion-unica-de-la-leche","status":"publish","type":"post","link":"http:\/\/rurallascolonias.com.ar\/?p=5246","title":{"rendered":"Santa Fe rechazar\u00e1 hoy la liquidaci\u00f3n \u00fanica de la leche"},"content":{"rendered":"<p><a href=\"http:\/\/rurallascolonias.com.ar\/wp-content\/uploads\/2014\/10\/vacas.png\"><img loading=\"lazy\" class=\"aligncenter size-full wp-image-4294\" src=\"http:\/\/rurallascolonias.com.ar\/wp-content\/uploads\/2014\/10\/vacas.png\" alt=\"vacas\" width=\"337\" height=\"149\" srcset=\"http:\/\/rurallascolonias.com.ar\/wp-content\/uploads\/2014\/10\/vacas.png 337w, http:\/\/rurallascolonias.com.ar\/wp-content\/uploads\/2014\/10\/vacas-300x132.png 300w\" sizes=\"(max-width: 337px) 100vw, 337px\" \/><\/a>En una reuni\u00f3n entre el Ministerio de la Producci\u00f3n Provincial y la Subsecretar\u00eda de Lecher\u00eda de la Naci\u00f3n, en la que participar\u00e1n productores e industriales, se har\u00e1 el planteo formal, en rechazo de la norma que entrar\u00e1 en plena vigencia el 1\u00ba de enero, por considerar superador al planteo provincial por sobre la nacional<!--more--><\/p>\n<p>La carrera por ordenar a la lecher\u00eda en la Argentina no pudo ser constante y progresiva, sino que se fue dando de a tramos, con el ahogo propio de crisis, pero sobre todo de la discordancia de formas, de miradas, que se fueron superando no por acuerdos, sino por imposiciones.<br \/>\nDesde que existe la Subsecretar\u00eda de Lecher\u00eda de la Naci\u00f3n, se prometi\u00f3 al pago por calidad, como si fuera algo superfluo y sencillo, sin contemplar que toda la cadena productiva estaba inserta en decisiones de fondo. Naturalmente qued\u00f3 demostrado que el proceso no iba a ser simple, ni corto.<br \/>\nIntentos mediante de leyes, b\u00fasquedas de aceptaci\u00f3n entre los m\u00e1s cercanos, hicieron que el proyecto se demore y reci\u00e9n en 2013 se pudo ver una concreci\u00f3n m\u00e1s real, cuando se populariz\u00f3 entre las grandes industrias el detalle del pago no s\u00f3lo por la cantidad de la entrega de materia prima, sino por los componentes de ese l\u00edquido blanco, que se entrega de palabra en los tambos bajo la denominaci\u00f3n de leche. Pero algunos cumpl\u00edan y otros todav\u00eda no. Por eso las grandes, del Centro de la Industria Lechera, presentaron antes de la puesta en marcha obligatoria un recurso de amparo que tiene hasta hoy al sistema de pago por calidad en ascuas.<br \/>\nEn una gira de difusi\u00f3n, el Ministerio de Agricultura de la Naci\u00f3n dispuso un cronograma informativo para que el primer d\u00eda de enero se encamine el cambio. La letra escrita de la Resoluci\u00f3n 344 expone que desde el 1\u00b0 de enero, se deje atr\u00e1s el pago del 20 por ciento por las bonificaciones que elija cada industria del total del precio y se cambie esa progresi\u00f3n al 85\/15 en casi dos semanas. En el inicio de julio, se trasladar\u00e1 al 90\/10, para que sea definitivamente el 95\/5 desde el d\u00eda inicial de 2016.<br \/>\nSin embargo, a pesar de la lentitud de reglamentaci\u00f3n, la liquidaci\u00f3n \u00fanica encontr\u00f3 en Santa Fe desde 2009 una silenciosa competencia, con la Resoluci\u00f3n provincial \u2026.. aguardando por se superada, la cadena l\u00e1ctea consigui\u00f3 acuerdos concretos, absolutos, que reci\u00e9n se cerraron con 2014. Siempre perfectible, pero muy adecuada, la normativa surgida en el Gobierno de Hermes Binner y derivada de aquel pedido nacional de San Francisco en 2002, del mismo modo que la liquidaci\u00f3n \u00fanica, consigui\u00f3 acoplarse mejor al sistema, andando reci\u00e9n ahora sus primeros pasos.<br \/>\nCon esa herramienta en claro, fue en la \u00faltima y casi \u00fanica convocatoria en much\u00edsimos meses del Consejo Federal Lechero, que la provincia de Santa Fe se opuso al avance, como est\u00e1, de la Resoluci\u00f3n 344 que avanzo sobre la liquidaci\u00f3n \u00fanica, el pago comoosicional de la leche cruda.<br \/>\nLos motivos se manifestaron ante el Ministro Carlos Casamiquela, quien no ces\u00f3 en este tiempo en su intenci\u00f3n de conseguir una \u201cmediaci\u00f3n\u201d en la postura. De este modo, hoy lunes y a las 9:30 de la ma\u00f1ana en la ciudad de Santa Fe, el Ministerio de la Producci\u00f3n recibir\u00e1, partiendo de la figura de su titular, Carlos Fascendini y su equipo, al subsecretario de Lecher\u00eda nacional, Jorge Videla y al sunchalense Roberto Soc\u00edn, para exponer sobre el caso y hacer el intento de apaciguar la iniciativa negativa. Claro que dir\u00e1n presente tambi\u00e9n los representantes de los productores tamberos de diferentes sectores abarcados a nivel del territorio y obviamente, la industria.<br \/>\nEsto no es una postura de partes, sino directamente de la provincia, por lo tanto de conseguirse una respuesta nacional negativa a hacer cambios, o algo que refiera a promover alg\u00fan tipo de escarmiento, ser\u00e1 cuesti\u00f3n neta entre estados y no de rubros. Proceder que en alg\u00fan punto no se descarta, con todos los antecedentes conicidos en estos \u00faltimos a\u00f1os.<br \/>\nSanta Fe, as\u00ed como tambi\u00e9n lo expresaran la semana anterior la Mesa Nacional de Productores de Leche y Confederaciones Rurales Argentinas, tiende a manifestar que su Resoluci\u00f3n 439 es superadora actualmente a lo normado en la 344 para el plano nacional, entre otras cosas porque desde el Magyp se pretende que no haya una libre contrataci\u00f3n de las partes, mientras que la provincia propone una \u201caceptable formalizaci\u00f3n de las transacciones\u201d.<br \/>\nEsta postura santafesina, avalada por todos los eslabones de la cadena l\u00e1ctea tiende a evitar que se aplique con un buen t\u00edtulo un ordenamiento inadecuado, porque seg\u00fan los entendidos, de hacerse mal el proceso de la liquidaci\u00f3n \u00fanica, la equidad se alejar\u00e1 del mercado y del impulso original de una norma larga en elaboraci\u00f3n y aplicaci\u00f3n.<br \/>\nPor Elida Thiery (especial para LECHERIA LATINA)<\/p>\n","protected":false},"excerpt":{"rendered":"<p>En una reuni\u00f3n entre el Ministerio de la Producci\u00f3n Provincial y la Subsecretar\u00eda de Lecher\u00eda de la Naci\u00f3n, en la que participar\u00e1n productores e industriales, se har\u00e1 el planteo formal, en rechazo de la norma que entrar\u00e1 en plena vigencia el 1\u00ba de enero, por considerar superador al planteo provincial por sobre la nacional<\/p>\n","protected":false},"author":5,"featured_media":0,"comment_status":"open","ping_status":"open","sticky":false,"template":"","format":"standard","meta":[],"categories":[42,46],"tags":[47,243,1716],"_links":{"self":[{"href":"http:\/\/rurallascolonias.com.ar\/index.php?rest_route=\/wp\/v2\/posts\/5246"}],"collection":[{"href":"http:\/\/rurallascolonias.com.ar\/index.php?rest_route=\/wp\/v2\/posts"}],"about":[{"href":"http:\/\/rurallascolonias.com.ar\/index.php?rest_route=\/wp\/v2\/types\/post"}],"author":[{"embeddable":true,"href":"http:\/\/rurallascolonias.com.ar\/index.php?rest_route=\/wp\/v2\/users\/5"}],"replies":[{"embeddable":true,"href":"http:\/\/rurallascolonias.com.ar\/index.php?rest_route=%2Fwp%2Fv2%2Fcomments&post=5246"}],"version-history":[{"count":1,"href":"http:\/\/rurallascolonias.com.ar\/index.php?rest_route=\/wp\/v2\/posts\/5246\/revisions"}],"predecessor-version":[{"id":5247,"href":"http:\/\/rurallascolonias.com.ar\/index.php?rest_route=\/wp\/v2\/posts\/5246\/revisions\/5247"}],"wp:attachment":[{"href":"http:\/\/rurallascolonias.com.ar\/index.php?rest_route=%2Fwp%2Fv2%2Fmedia&parent=5246"}],"wp:term":[{"taxonomy":"category","embeddable":true,"href":"http:\/\/rurallascolonias.com.ar\/index.php?rest_route=%2Fwp%2Fv2%2Fcategories&post=5246"},{"taxonomy":"post_tag","embeddable":true,"href":"http:\/\/rurallascolonias.com.ar\/index.php?rest_route=%2Fwp%2Fv2%2Ftags&post=5246"}],"curies":[{"name":"wp","href":"https:\/\/api.w.org\/{rel}","templated":true}]}}